{"id":23164,"date":"2026-03-12T13:54:19","date_gmt":"2026-03-12T13:54:19","guid":{"rendered":"https:\/\/graindesail.com\/?p=23164"},"modified":"2026-04-13T09:20:22","modified_gmt":"2026-04-13T09:20:22","slug":"quand-la-peinture-rencontre-le-chocolat-ledition-limitee-signee-jonathan-florent-chez-grain-de-sail","status":"publish","type":"post","link":"https:\/\/graindesail.com\/fr\/quand-la-peinture-rencontre-le-chocolat-ledition-limitee-signee-jonathan-florent-chez-grain-de-sail\/","title":{"rendered":"Quand la peinture rencontre le chocolat : l\u2019\u00e9dition limit\u00e9e sign\u00e9e Jonathan Florent chez\u00a0Grain de Sail"},"content":{"rendered":"\t\t<div data-elementor-type=\"wp-post\" data-elementor-id=\"23164\" class=\"elementor elementor-23164\" data-elementor-post-type=\"post\">\n\t\t\t\t\t\t<section class=\"elementor-section elementor-top-section elementor-element elementor-element-c160ad9 elementor-section-boxed elementor-section-height-default elementor-section-height-default\" data-id=\"c160ad9\" data-element_type=\"section\" data-e-type=\"section\">\n\t\t\t\t\t\t<div class=\"elementor-container elementor-column-gap-default\">\n\t\t\t\t\t<div class=\"elementor-column elementor-col-100 elementor-top-column elementor-element elementor-element-f3d8371\" data-id=\"f3d8371\" data-element_type=\"column\" data-e-type=\"column\">\n\t\t\t<div class=\"elementor-widget-wrap elementor-element-populated\">\n\t\t\t\t\t\t<div class=\"elementor-element elementor-element-6e5a30a elementor-hidden-mobile elementor-widget elementor-widget-woocommerce-breadcrumb\" data-id=\"6e5a30a\" data-element_type=\"widget\" data-e-type=\"widget\" data-widget_type=\"woocommerce-breadcrumb.default\">\n\t\t\t\t<div class=\"elementor-widget-container\">\n\t\t\t\t\t<nav class=\"woocommerce-breadcrumb\" aria-label=\"Breadcrumb\">Accueil<\/nav>\t\t\t\t<\/div>\n\t\t\t\t<\/div>\n\t\t\t\t\t<\/div>\n\t\t<\/div>\n\t\t\t\t\t<\/div>\n\t\t<\/section>\n\t\t\t\t<section class=\"elementor-section elementor-top-section elementor-element elementor-element-7143cba elementor-section-boxed elementor-section-height-default elementor-section-height-default\" data-id=\"7143cba\" data-element_type=\"section\" data-e-type=\"section\">\n\t\t\t\t\t\t<div class=\"elementor-container elementor-column-gap-default\">\n\t\t\t\t\t<div class=\"elementor-column elementor-col-100 elementor-top-column elementor-element elementor-element-a513323\" data-id=\"a513323\" data-element_type=\"column\" data-e-type=\"column\">\n\t\t\t<div class=\"elementor-widget-wrap elementor-element-populated\">\n\t\t\t\t\t\t<div class=\"elementor-element elementor-element-5cac4b1 elementor-widget elementor-widget-heading\" data-id=\"5cac4b1\" data-element_type=\"widget\" data-e-type=\"widget\" data-widget_type=\"heading.default\">\n\t\t\t\t<div class=\"elementor-widget-container\">\n\t\t\t\t\t<h1 class=\"elementor-heading-title elementor-size-default\">Grain de Sail et l'artiste finist\u00e9rien Jonathan Florent d\u00e9voilent : \"Lumi\u00e8res froides sur Grain de Sail II\"<\/h1>\t\t\t\t<\/div>\n\t\t\t\t<\/div>\n\t\t\t\t<div class=\"elementor-element elementor-element-00cccdf elementor-widget elementor-widget-spacer\" data-id=\"00cccdf\" data-element_type=\"widget\" data-e-type=\"widget\" data-widget_type=\"spacer.default\">\n\t\t\t\t<div class=\"elementor-widget-container\">\n\t\t\t\t\t\t\t<div class=\"elementor-spacer\">\n\t\t\t<div class=\"elementor-spacer-inner\"><\/div>\n\t\t<\/div>\n\t\t\t\t\t\t<\/div>\n\t\t\t\t<\/div>\n\t\t\t\t\t<\/div>\n\t\t<\/div>\n\t\t\t\t\t<\/div>\n\t\t<\/section>\n\t\t\t\t<section class=\"elementor-section elementor-top-section elementor-element elementor-element-460b631 elementor-section-boxed elementor-section-height-default elementor-section-height-default\" data-id=\"460b631\" data-element_type=\"section\" data-e-type=\"section\">\n\t\t\t\t\t\t<div class=\"elementor-container elementor-column-gap-default\">\n\t\t\t\t\t<div class=\"elementor-column elementor-col-50 elementor-top-column elementor-element elementor-element-6ff50f8\" data-id=\"6ff50f8\" data-element_type=\"column\" data-e-type=\"column\">\n\t\t\t<div class=\"elementor-widget-wrap elementor-element-populated\">\n\t\t\t\t\t\t<div class=\"elementor-element elementor-element-b74603e elementor-widget elementor-widget-image\" data-id=\"b74603e\" data-element_type=\"widget\" data-e-type=\"widget\" data-widget_type=\"image.default\">\n\t\t\t\t<div class=\"elementor-widget-container\">\n\t\t\t\t\t\t\t\t\t\t\t\t\t\t\t<img fetchpriority=\"high\" decoding=\"async\" width=\"800\" height=\"534\" src=\"https:\/\/graindesail.com\/wp-content\/uploads\/2026\/01\/peinture-web.jpg\" class=\"attachment-large size-large wp-image-22701\" alt=\"Zoom sur pinceau - Jonathan Florent\" srcset=\"https:\/\/graindesail.com\/wp-content\/uploads\/2026\/01\/peinture-web.jpg 1024w, https:\/\/graindesail.com\/wp-content\/uploads\/2026\/01\/peinture-web-300x200.jpg 300w, https:\/\/graindesail.com\/wp-content\/uploads\/2026\/01\/peinture-web-768x512.jpg 768w, https:\/\/graindesail.com\/wp-content\/uploads\/2026\/01\/peinture-web-600x400.jpg 600w\" sizes=\"(max-width: 800px) 100vw, 800px\" \/>\t\t\t\t\t\t\t\t\t\t\t\t\t\t\t<\/div>\n\t\t\t\t<\/div>\n\t\t\t\t\t<\/div>\n\t\t<\/div>\n\t\t\t\t<div class=\"elementor-column elementor-col-50 elementor-top-column elementor-element elementor-element-76a7215\" data-id=\"76a7215\" data-element_type=\"column\" data-e-type=\"column\">\n\t\t\t<div class=\"elementor-widget-wrap elementor-element-populated\">\n\t\t\t\t\t\t<div class=\"elementor-element elementor-element-222cfb0 elementor-widget elementor-widget-spacer\" data-id=\"222cfb0\" data-element_type=\"widget\" data-e-type=\"widget\" data-widget_type=\"spacer.default\">\n\t\t\t\t<div class=\"elementor-widget-container\">\n\t\t\t\t\t\t\t<div class=\"elementor-spacer\">\n\t\t\t<div class=\"elementor-spacer-inner\"><\/div>\n\t\t<\/div>\n\t\t\t\t\t\t<\/div>\n\t\t\t\t<\/div>\n\t\t\t\t<div class=\"elementor-element elementor-element-0abf80d elementor-widget elementor-widget-heading\" data-id=\"0abf80d\" data-element_type=\"widget\" data-e-type=\"widget\" data-widget_type=\"heading.default\">\n\t\t\t\t<div class=\"elementor-widget-container\">\n\t\t\t\t\t<h2 class=\"elementor-heading-title elementor-size-default\">Une collaboration artistique pour les 10 ans des tablettes Grain de Sail<\/h2>\t\t\t\t<\/div>\n\t\t\t\t<\/div>\n\t\t\t\t<div class=\"elementor-element elementor-element-01b1ef7 elementor-widget elementor-widget-text-editor\" data-id=\"01b1ef7\" data-element_type=\"widget\" data-e-type=\"widget\" data-widget_type=\"text-editor.default\">\n\t\t\t\t<div class=\"elementor-widget-container\">\n\t\t\t\t\t\t\t\t\t<p>\u00c0 l\u2019occasion des 10 ans des ventes de ses tablettes de chocolat, l\u2019entreprise bretonne Grain de Sail s\u2019associe \u00e0 <b>l\u2019artiste finist\u00e9rien et Peintre Officiel de la Marine, <a href=\"https:\/\/www.jonathanflorent.com\">Jonathan Florent<\/a><\/b><a href=\"https:\/\/www.jonathanflorent.com\">,<\/a> pour une collaboration artistique autour de la mer et de l\u2019humain.<\/p>\t\t\t\t\t\t\t\t<\/div>\n\t\t\t\t<\/div>\n\t\t\t\t\t<\/div>\n\t\t<\/div>\n\t\t\t\t\t<\/div>\n\t\t<\/section>\n\t\t\t\t<section class=\"elementor-section elementor-top-section elementor-element elementor-element-96ced20 elementor-section-boxed elementor-section-height-default elementor-section-height-default\" data-id=\"96ced20\" data-element_type=\"section\" data-e-type=\"section\">\n\t\t\t\t\t\t<div class=\"elementor-container elementor-column-gap-default\">\n\t\t\t\t\t<div class=\"elementor-column elementor-col-100 elementor-top-column elementor-element elementor-element-3f85f26\" data-id=\"3f85f26\" data-element_type=\"column\" data-e-type=\"column\">\n\t\t\t<div class=\"elementor-widget-wrap elementor-element-populated\">\n\t\t\t\t\t\t<div class=\"elementor-element elementor-element-6042e94 elementor-widget elementor-widget-spacer\" data-id=\"6042e94\" data-element_type=\"widget\" data-e-type=\"widget\" data-widget_type=\"spacer.default\">\n\t\t\t\t<div class=\"elementor-widget-container\">\n\t\t\t\t\t\t\t<div class=\"elementor-spacer\">\n\t\t\t<div class=\"elementor-spacer-inner\"><\/div>\n\t\t<\/div>\n\t\t\t\t\t\t<\/div>\n\t\t\t\t<\/div>\n\t\t\t\t\t<\/div>\n\t\t<\/div>\n\t\t\t\t\t<\/div>\n\t\t<\/section>\n\t\t\t\t<section class=\"elementor-section elementor-top-section elementor-element elementor-element-3bfbfc8 elementor-section-boxed elementor-section-height-default elementor-section-height-default\" data-id=\"3bfbfc8\" data-element_type=\"section\" data-e-type=\"section\">\n\t\t\t\t\t\t<div class=\"elementor-container elementor-column-gap-default\">\n\t\t\t\t\t<div class=\"elementor-column elementor-col-50 elementor-top-column elementor-element elementor-element-4d27441\" data-id=\"4d27441\" data-element_type=\"column\" data-e-type=\"column\">\n\t\t\t<div class=\"elementor-widget-wrap elementor-element-populated\">\n\t\t\t\t\t\t<div class=\"elementor-element elementor-element-02b709a elementor-widget elementor-widget-spacer\" data-id=\"02b709a\" data-element_type=\"widget\" data-e-type=\"widget\" data-widget_type=\"spacer.default\">\n\t\t\t\t<div class=\"elementor-widget-container\">\n\t\t\t\t\t\t\t<div class=\"elementor-spacer\">\n\t\t\t<div class=\"elementor-spacer-inner\"><\/div>\n\t\t<\/div>\n\t\t\t\t\t\t<\/div>\n\t\t\t\t<\/div>\n\t\t\t\t<div class=\"elementor-element elementor-element-bb1ba8e elementor-widget elementor-widget-heading\" data-id=\"bb1ba8e\" data-element_type=\"widget\" data-e-type=\"widget\" data-widget_type=\"heading.default\">\n\t\t\t\t<div class=\"elementor-widget-container\">\n\t\t\t\t\t<h2 class=\"elementor-heading-title elementor-size-default\">\"Lumi\u00e8res froides sur <br>Grain de Sail II\" <\/h2>\t\t\t\t<\/div>\n\t\t\t\t<\/div>\n\t\t\t\t<div class=\"elementor-element elementor-element-6af0243 elementor-widget elementor-widget-text-editor\" data-id=\"6af0243\" data-element_type=\"widget\" data-e-type=\"widget\" data-widget_type=\"text-editor.default\">\n\t\t\t\t<div class=\"elementor-widget-container\">\n\t\t\t\t\t\t\t\t\t<h2>une oeuvre inspir\u00e9e par la mer et l&#8217;humain<\/h2>\t\t\t\t\t\t\t\t<\/div>\n\t\t\t\t<\/div>\n\t\t\t\t<div class=\"elementor-element elementor-element-fb2975b elementor-widget elementor-widget-text-editor\" data-id=\"fb2975b\" data-element_type=\"widget\" data-e-type=\"widget\" data-widget_type=\"text-editor.default\">\n\t\t\t\t<div class=\"elementor-widget-container\">\n\t\t\t\t\t\t\t\t\t<p>Intitul\u00e9e <strong>\u00ab Lumi\u00e8res froides sur Grain de Sail II \u00bb<\/strong>, l\u2019\u0153uvre a \u00e9t\u00e9 cr\u00e9\u00e9e sp\u00e9cialement pour cet anniversaire. Elle s\u2019inspire du voilier-cargo Grain de Sail II, embl\u00e8me du transport maritime \u00e0 la voile, et de l\u2019aventure humaine qui l\u2019accompagne au quotidien.<\/p>\t\t\t\t\t\t\t\t<\/div>\n\t\t\t\t<\/div>\n\t\t\t\t\t<\/div>\n\t\t<\/div>\n\t\t\t\t<div class=\"elementor-column elementor-col-50 elementor-top-column elementor-element elementor-element-c42242a\" data-id=\"c42242a\" data-element_type=\"column\" data-e-type=\"column\">\n\t\t\t<div class=\"elementor-widget-wrap elementor-element-populated\">\n\t\t\t\t\t\t<div class=\"elementor-element elementor-element-5de754c elementor-widget__width-initial elementor-widget elementor-widget-image\" data-id=\"5de754c\" data-element_type=\"widget\" data-e-type=\"widget\" data-widget_type=\"image.default\">\n\t\t\t\t<div class=\"elementor-widget-container\">\n\t\t\t\t\t\t\t\t\t\t\t\t\t\t\t<img decoding=\"async\" width=\"800\" height=\"450\" data-src=\"https:\/\/graindesail.com\/wp-content\/uploads\/2026\/01\/20260109-724A9898-1024x576.jpg\" class=\"attachment-large size-large wp-image-23097 lazyload\" alt=\"Jonathan Florent et Juliette Guillerm devant l&#039;oeuvre &quot;Lumi\u00e8res froides sur Grain de Sail II&quot;\" data-srcset=\"https:\/\/graindesail.com\/wp-content\/uploads\/2026\/01\/20260109-724A9898-1024x576.jpg 1024w, https:\/\/graindesail.com\/wp-content\/uploads\/2026\/01\/20260109-724A9898-300x169.jpg 300w, https:\/\/graindesail.com\/wp-content\/uploads\/2026\/01\/20260109-724A9898-768x432.jpg 768w, https:\/\/graindesail.com\/wp-content\/uploads\/2026\/01\/20260109-724A9898-1536x864.jpg 1536w, https:\/\/graindesail.com\/wp-content\/uploads\/2026\/01\/20260109-724A9898-600x337.jpg 600w, https:\/\/graindesail.com\/wp-content\/uploads\/2026\/01\/20260109-724A9898.jpg 1762w\" data-sizes=\"(max-width: 800px) 100vw, 800px\" src=\"data:image\/svg+xml;base64,PHN2ZyB3aWR0aD0iMSIgaGVpZ2h0PSIxIiB4bWxucz0iaHR0cDovL3d3dy53My5vcmcvMjAwMC9zdmciPjwvc3ZnPg==\" style=\"--smush-placeholder-width: 800px; --smush-placeholder-aspect-ratio: 800\/450;\" \/>\t\t\t\t\t\t\t\t\t\t\t\t\t\t\t<\/div>\n\t\t\t\t<\/div>\n\t\t\t\t\t<\/div>\n\t\t<\/div>\n\t\t\t\t\t<\/div>\n\t\t<\/section>\n\t\t\t\t<section class=\"elementor-section elementor-top-section elementor-element elementor-element-12469b9 elementor-section-boxed elementor-section-height-default elementor-section-height-default\" data-id=\"12469b9\" data-element_type=\"section\" data-e-type=\"section\">\n\t\t\t\t\t\t<div class=\"elementor-container elementor-column-gap-default\">\n\t\t\t\t\t<div class=\"elementor-column elementor-col-100 elementor-top-column elementor-element elementor-element-cd8edee\" data-id=\"cd8edee\" data-element_type=\"column\" data-e-type=\"column\">\n\t\t\t<div class=\"elementor-widget-wrap elementor-element-populated\">\n\t\t\t\t\t\t<div class=\"elementor-element elementor-element-8ac3d7f elementor-widget elementor-widget-spacer\" data-id=\"8ac3d7f\" data-element_type=\"widget\" data-e-type=\"widget\" data-widget_type=\"spacer.default\">\n\t\t\t\t<div class=\"elementor-widget-container\">\n\t\t\t\t\t\t\t<div class=\"elementor-spacer\">\n\t\t\t<div class=\"elementor-spacer-inner\"><\/div>\n\t\t<\/div>\n\t\t\t\t\t\t<\/div>\n\t\t\t\t<\/div>\n\t\t\t\t\t<\/div>\n\t\t<\/div>\n\t\t\t\t\t<\/div>\n\t\t<\/section>\n\t\t\t\t<section class=\"elementor-section elementor-top-section elementor-element elementor-element-c01ddb6 elementor-section-boxed elementor-section-height-default elementor-section-height-default\" data-id=\"c01ddb6\" data-element_type=\"section\" data-e-type=\"section\">\n\t\t\t\t\t\t<div class=\"elementor-container elementor-column-gap-default\">\n\t\t\t\t\t<div class=\"elementor-column elementor-col-100 elementor-top-column elementor-element elementor-element-5d27d56\" data-id=\"5d27d56\" data-element_type=\"column\" data-e-type=\"column\">\n\t\t\t<div class=\"elementor-widget-wrap elementor-element-populated\">\n\t\t\t\t\t\t<div class=\"elementor-element elementor-element-9f120eb elementor-widget elementor-widget-heading\" data-id=\"9f120eb\" data-element_type=\"widget\" data-e-type=\"widget\" data-widget_type=\"heading.default\">\n\t\t\t\t<div class=\"elementor-widget-container\">\n\t\t\t\t\t<h2 class=\"elementor-heading-title elementor-size-default\">\u00c0 l'origine du projet<\/h2>\t\t\t\t<\/div>\n\t\t\t\t<\/div>\n\t\t\t\t<div class=\"elementor-element elementor-element-459b97b elementor-widget__width-initial elementor-widget-mobile__width-initial elementor-widget elementor-widget-text-editor\" data-id=\"459b97b\" data-element_type=\"widget\" data-e-type=\"widget\" data-widget_type=\"text-editor.default\">\n\t\t\t\t<div class=\"elementor-widget-container\">\n\t\t\t\t\t\t\t\t\t<h2>&#8220;Raconter l&#8217;histoire de Grain de Sail autrement&#8221;<\/h2>\t\t\t\t\t\t\t\t<\/div>\n\t\t\t\t<\/div>\n\t\t\t\t<div class=\"elementor-element elementor-element-389ecbd elementor-widget elementor-widget-spacer\" data-id=\"389ecbd\" data-element_type=\"widget\" data-e-type=\"widget\" data-widget_type=\"spacer.default\">\n\t\t\t\t<div class=\"elementor-widget-container\">\n\t\t\t\t\t\t\t<div class=\"elementor-spacer\">\n\t\t\t<div class=\"elementor-spacer-inner\"><\/div>\n\t\t<\/div>\n\t\t\t\t\t\t<\/div>\n\t\t\t\t<\/div>\n\t\t\t\t\t<\/div>\n\t\t<\/div>\n\t\t\t\t\t<\/div>\n\t\t<\/section>\n\t\t\t\t<section class=\"elementor-section elementor-top-section elementor-element elementor-element-6b1d4c5 elementor-section-boxed elementor-section-height-default elementor-section-height-default\" data-id=\"6b1d4c5\" data-element_type=\"section\" data-e-type=\"section\">\n\t\t\t\t\t\t<div class=\"elementor-container elementor-column-gap-default\">\n\t\t\t\t\t<div class=\"elementor-column elementor-col-33 elementor-top-column elementor-element elementor-element-3487e34\" data-id=\"3487e34\" data-element_type=\"column\" data-e-type=\"column\" data-settings=\"{&quot;background_background&quot;:&quot;classic&quot;}\">\n\t\t\t<div class=\"elementor-widget-wrap elementor-element-populated\">\n\t\t\t\t\t\t<div class=\"elementor-element elementor-element-f5ab77f elementor-widget__width-initial elementor-widget elementor-widget-image\" data-id=\"f5ab77f\" data-element_type=\"widget\" data-e-type=\"widget\" data-widget_type=\"image.default\">\n\t\t\t\t<div class=\"elementor-widget-container\">\n\t\t\t\t\t\t\t\t\t\t\t\t\t\t\t<img decoding=\"async\" data-src=\"https:\/\/graindesail.com\/wp-content\/uploads\/elementor\/thumbs\/IMG_6743-2-relkps9tqjsegi6fvo4z9s6619xk9o9vrzwqomujds.jpg\" title=\"GDS &#8211; Mousqueton &#8211; Regard dans les jumelles\" alt=\"GDS - Mousqueton - Regard dans les jumelles\" src=\"data:image\/svg+xml;base64,PHN2ZyB3aWR0aD0iMSIgaGVpZ2h0PSIxIiB4bWxucz0iaHR0cDovL3d3dy53My5vcmcvMjAwMC9zdmciPjwvc3ZnPg==\" class=\"lazyload\" style=\"--smush-placeholder-width: 400px; --smush-placeholder-aspect-ratio: 400\/400;\" \/>\t\t\t\t\t\t\t\t\t\t\t\t\t\t\t<\/div>\n\t\t\t\t<\/div>\n\t\t\t\t\t<\/div>\n\t\t<\/div>\n\t\t\t\t<div class=\"elementor-column elementor-col-33 elementor-top-column elementor-element elementor-element-3d46587\" data-id=\"3d46587\" data-element_type=\"column\" data-e-type=\"column\" data-settings=\"{&quot;background_background&quot;:&quot;classic&quot;}\">\n\t\t\t<div class=\"elementor-widget-wrap elementor-element-populated\">\n\t\t\t\t\t\t<div class=\"elementor-element elementor-element-c26b58b elementor-widget elementor-widget-heading\" data-id=\"c26b58b\" data-element_type=\"widget\" data-e-type=\"widget\" data-widget_type=\"heading.default\">\n\t\t\t\t<div class=\"elementor-widget-container\">\n\t\t\t\t\t<h3 class=\"elementor-heading-title elementor-size-default\">Le regard de Juliette sur cette collaboration artistique<\/h3>\t\t\t\t<\/div>\n\t\t\t\t<\/div>\n\t\t\t\t<div class=\"elementor-element elementor-element-9475c51 elementor-widget elementor-widget-text-editor\" data-id=\"9475c51\" data-element_type=\"widget\" data-e-type=\"widget\" data-widget_type=\"text-editor.default\">\n\t\t\t\t<div class=\"elementor-widget-container\">\n\t\t\t\t\t\t\t\t\t<p>\u00c0 l\u2019origine de ce projet, Juliette, charg\u00e9e marketing produits chez Grain de Sail, souhaitait raconter l\u2019histoire de l\u2019entreprise autrement.<\/p>\n<p><b><i><span style=\"text-align: justify;\">\u00ab \u00c0 l\u2019occasion de cet anniversaire, nous avons souhait\u00e9 faire appel \u00e0 un artiste local et raconter&nbsp;<\/span><br style=\"text-align: justify;\"><\/i><\/b><span style=\"text-align: justify;\"><b><i>notre histoire d\u2019une autre mani\u00e8re, tout en mettant en avant l\u2019humain, la mer et le travail \u00bb<\/i><\/b> raconte Juliette.<\/span><br><\/p>\t\t\t\t\t\t\t\t<\/div>\n\t\t\t\t<\/div>\n\t\t\t\t\t<\/div>\n\t\t<\/div>\n\t\t\t\t<div class=\"elementor-column elementor-col-33 elementor-top-column elementor-element elementor-element-4e18470\" data-id=\"4e18470\" data-element_type=\"column\" data-e-type=\"column\" data-settings=\"{&quot;background_background&quot;:&quot;classic&quot;}\">\n\t\t\t<div class=\"elementor-widget-wrap elementor-element-populated\">\n\t\t\t\t\t\t<div class=\"elementor-element elementor-element-329e62f elementor-widget__width-initial elementor-widget elementor-widget-text-editor\" data-id=\"329e62f\" data-element_type=\"widget\" data-e-type=\"widget\" data-widget_type=\"text-editor.default\">\n\t\t\t\t<div class=\"elementor-widget-container\">\n\t\t\t\t\t\t\t\t\t<p><em><strong><span style=\"font-size: 1rem;\">\u00ab C\u2019est un coll\u00e8gue marin qui m\u2019a montr\u00e9 le travail de Jonathan. J\u2019ai tout de suite \u00e9t\u00e9 conquise par son univers, et encore plus quand j\u2019ai appris qu\u2019il venait de Plougasnou. Cela correspondait exactement \u00e0 ce que j\u2019avais imagin\u00e9. Je l\u2019ai appel\u00e9, il a tout de suite accept\u00e9. \u00bb<\/span><\/strong><\/em><\/p>\t\t\t\t\t\t\t\t<\/div>\n\t\t\t\t<\/div>\n\t\t\t\t\t<\/div>\n\t\t<\/div>\n\t\t\t\t\t<\/div>\n\t\t<\/section>\n\t\t\t\t<section class=\"elementor-section elementor-top-section elementor-element elementor-element-88e5f34 elementor-section-boxed elementor-section-height-default elementor-section-height-default\" data-id=\"88e5f34\" data-element_type=\"section\" data-e-type=\"section\">\n\t\t\t\t\t\t<div class=\"elementor-container elementor-column-gap-default\">\n\t\t\t\t\t<div class=\"elementor-column elementor-col-100 elementor-top-column elementor-element elementor-element-f4e1bf1\" data-id=\"f4e1bf1\" data-element_type=\"column\" data-e-type=\"column\">\n\t\t\t<div class=\"elementor-widget-wrap elementor-element-populated\">\n\t\t\t\t\t\t<div class=\"elementor-element elementor-element-cf6b686 elementor-widget elementor-widget-spacer\" data-id=\"cf6b686\" data-element_type=\"widget\" data-e-type=\"widget\" data-widget_type=\"spacer.default\">\n\t\t\t\t<div class=\"elementor-widget-container\">\n\t\t\t\t\t\t\t<div class=\"elementor-spacer\">\n\t\t\t<div class=\"elementor-spacer-inner\"><\/div>\n\t\t<\/div>\n\t\t\t\t\t\t<\/div>\n\t\t\t\t<\/div>\n\t\t\t\t\t<\/div>\n\t\t<\/div>\n\t\t\t\t\t<\/div>\n\t\t<\/section>\n\t\t\t\t<section class=\"elementor-section elementor-top-section elementor-element elementor-element-ea05a84 elementor-section-boxed elementor-section-height-default elementor-section-height-default\" data-id=\"ea05a84\" data-element_type=\"section\" data-e-type=\"section\">\n\t\t\t\t\t\t<div class=\"elementor-container elementor-column-gap-default\">\n\t\t\t\t\t<div class=\"elementor-column elementor-col-50 elementor-top-column elementor-element elementor-element-1a38946\" data-id=\"1a38946\" data-element_type=\"column\" data-e-type=\"column\">\n\t\t\t<div class=\"elementor-widget-wrap elementor-element-populated\">\n\t\t\t\t\t\t<div class=\"elementor-element elementor-element-e9ada58 elementor-widget elementor-widget-heading\" data-id=\"e9ada58\" data-element_type=\"widget\" data-e-type=\"widget\" data-widget_type=\"heading.default\">\n\t\t\t\t<div class=\"elementor-widget-container\">\n\t\t\t\t\t<h2 class=\"elementor-heading-title elementor-size-default\">Jonathan Florent<\/h2>\t\t\t\t<\/div>\n\t\t\t\t<\/div>\n\t\t\t\t<div class=\"elementor-element elementor-element-bf6f9dd elementor-headline--style-highlight elementor-widget elementor-widget-animated-headline\" data-id=\"bf6f9dd\" data-element_type=\"widget\" data-e-type=\"widget\" data-settings=\"{&quot;marker&quot;:&quot;underline&quot;,&quot;highlighted_text&quot;:&quot;inspir\\u00e9 par la mer&quot;,&quot;headline_style&quot;:&quot;highlight&quot;,&quot;loop&quot;:&quot;yes&quot;,&quot;highlight_animation_duration&quot;:1200,&quot;highlight_iteration_delay&quot;:8000}\" data-widget_type=\"animated-headline.default\">\n\t\t\t\t<div class=\"elementor-widget-container\">\n\t\t\t\t\t\t\t<h3 class=\"elementor-headline\">\n\t\t\t\t\t<span class=\"elementor-headline-plain-text elementor-headline-text-wrapper\">Un artiste finist\u00e9rien<\/span>\n\t\t\t\t<span class=\"elementor-headline-dynamic-wrapper elementor-headline-text-wrapper\">\n\t\t\t\t\t<span class=\"elementor-headline-dynamic-text elementor-headline-text-active\">inspir\u00e9 par la mer<\/span>\n\t\t\t\t<\/span>\n\t\t\t\t<\/h3>\n\t\t\t\t\t\t<\/div>\n\t\t\t\t<\/div>\n\t\t\t\t<div class=\"elementor-element elementor-element-767951d elementor-widget elementor-widget-spacer\" data-id=\"767951d\" data-element_type=\"widget\" data-e-type=\"widget\" data-widget_type=\"spacer.default\">\n\t\t\t\t<div class=\"elementor-widget-container\">\n\t\t\t\t\t\t\t<div class=\"elementor-spacer\">\n\t\t\t<div class=\"elementor-spacer-inner\"><\/div>\n\t\t<\/div>\n\t\t\t\t\t\t<\/div>\n\t\t\t\t<\/div>\n\t\t\t\t<div class=\"elementor-element elementor-element-82fd28a elementor-widget elementor-widget-text-editor\" data-id=\"82fd28a\" data-element_type=\"widget\" data-e-type=\"widget\" data-widget_type=\"text-editor.default\">\n\t\t\t\t<div class=\"elementor-widget-container\">\n\t\t\t\t\t\t\t\t\t<p>Install\u00e9 \u00e0 Plougasnou, form\u00e9 au dessin, \u00e0 la bande dessin\u00e9e et \u00e0 l\u2019illustration, l\u2019artiste d\u00e9veloppe aujourd\u2019hui une peinture nourrie par la mer, la navigation, les bateaux et un rapport sensible \u00e0 la nature.\u00a0<span style=\"font-family: var( --e-global-typography-text-font-family ), Sans-serif; font-size: 1rem;\">Pour Jonathan Florent, ce projet repr\u00e9sentait<\/span><span style=\"font-family: var( --e-global-typography-text-font-family ), Sans-serif; font-size: 1rem;\">\u00a0<\/span><span style=\"font-family: var( --e-global-typography-text-font-family ), Sans-serif; font-size: 1rem;\"><b>&#8220;un joli jeu, une mani\u00e8re de sortir de ses habitudes&#8221;.<\/b><\/span><\/p>\t\t\t\t\t\t\t\t<\/div>\n\t\t\t\t<\/div>\n\t\t\t\t<div class=\"elementor-element elementor-element-3bd21a9 elementor-widget elementor-widget-heading\" data-id=\"3bd21a9\" data-element_type=\"widget\" data-e-type=\"widget\" data-widget_type=\"heading.default\">\n\t\t\t\t<div class=\"elementor-widget-container\">\n\t\t\t\t\t<h3 class=\"elementor-heading-title elementor-size-default\">\u00ab J\u2019ai Toujours \u00c9t\u00e9 Contemplatif De Ce Qui M\u2019entoure, Surtout La Baie De Morlaix. J\u2019ai Toujours Aim\u00e9 Me Perdre Dans La Lumi\u00e8re \u00bb, Confie-T-Il.<\/h3>\t\t\t\t<\/div>\n\t\t\t\t<\/div>\n\t\t\t\t\t<\/div>\n\t\t<\/div>\n\t\t\t\t<div class=\"elementor-column elementor-col-50 elementor-top-column elementor-element elementor-element-93dd889\" data-id=\"93dd889\" data-element_type=\"column\" data-e-type=\"column\">\n\t\t\t<div class=\"elementor-widget-wrap elementor-element-populated\">\n\t\t\t\t\t\t<div class=\"elementor-element elementor-element-e0b861e elementor-widget__width-initial elementor-widget elementor-widget-image\" data-id=\"e0b861e\" data-element_type=\"widget\" data-e-type=\"widget\" data-widget_type=\"image.default\">\n\t\t\t\t<div class=\"elementor-widget-container\">\n\t\t\t\t\t\t\t\t\t\t\t\t\t\t\t<img decoding=\"async\" width=\"768\" height=\"432\" data-src=\"https:\/\/graindesail.com\/wp-content\/uploads\/2026\/01\/724A9920-2-1-768x432.jpg\" class=\"attachment-medium_large size-medium_large wp-image-23103 lazyload\" alt=\"Jonathan Florent avec son oeuvre &quot;Lumi\u00e8res froides sur Grain de Sail II&quot;\" data-srcset=\"https:\/\/graindesail.com\/wp-content\/uploads\/2026\/01\/724A9920-2-1-768x432.jpg 768w, https:\/\/graindesail.com\/wp-content\/uploads\/2026\/01\/724A9920-2-1-300x169.jpg 300w, https:\/\/graindesail.com\/wp-content\/uploads\/2026\/01\/724A9920-2-1-1024x576.jpg 1024w, https:\/\/graindesail.com\/wp-content\/uploads\/2026\/01\/724A9920-2-1-1536x864.jpg 1536w, https:\/\/graindesail.com\/wp-content\/uploads\/2026\/01\/724A9920-2-1-600x337.jpg 600w, https:\/\/graindesail.com\/wp-content\/uploads\/2026\/01\/724A9920-2-1.jpg 1901w\" data-sizes=\"(max-width: 768px) 100vw, 768px\" src=\"data:image\/svg+xml;base64,PHN2ZyB3aWR0aD0iMSIgaGVpZ2h0PSIxIiB4bWxucz0iaHR0cDovL3d3dy53My5vcmcvMjAwMC9zdmciPjwvc3ZnPg==\" style=\"--smush-placeholder-width: 768px; --smush-placeholder-aspect-ratio: 768\/432;\" \/>\t\t\t\t\t\t\t\t\t\t\t\t\t\t\t<\/div>\n\t\t\t\t<\/div>\n\t\t\t\t<div class=\"elementor-element elementor-element-02f2521 elementor-widget elementor-widget-text-editor\" data-id=\"02f2521\" data-element_type=\"widget\" data-e-type=\"widget\" data-widget_type=\"text-editor.default\">\n\t\t\t\t<div class=\"elementor-widget-container\">\n\t\t\t\t\t\t\t\t\t<p><em>Jonathan Florent, peintre nourri par la navigation et la lumi\u00e8re de la Baie de Morlaix<\/em><\/p>\t\t\t\t\t\t\t\t<\/div>\n\t\t\t\t<\/div>\n\t\t\t\t\t<\/div>\n\t\t<\/div>\n\t\t\t\t\t<\/div>\n\t\t<\/section>\n\t\t\t\t<section class=\"elementor-section elementor-top-section elementor-element elementor-element-de18bf0 elementor-section-boxed elementor-section-height-default elementor-section-height-default\" data-id=\"de18bf0\" data-element_type=\"section\" data-e-type=\"section\">\n\t\t\t\t\t\t<div class=\"elementor-container elementor-column-gap-default\">\n\t\t\t\t\t<div class=\"elementor-column elementor-col-100 elementor-top-column elementor-element elementor-element-62e497f\" data-id=\"62e497f\" data-element_type=\"column\" data-e-type=\"column\">\n\t\t\t<div class=\"elementor-widget-wrap elementor-element-populated\">\n\t\t\t\t\t\t<div class=\"elementor-element elementor-element-fe6c5ad elementor-widget elementor-widget-spacer\" data-id=\"fe6c5ad\" data-element_type=\"widget\" data-e-type=\"widget\" data-widget_type=\"spacer.default\">\n\t\t\t\t<div class=\"elementor-widget-container\">\n\t\t\t\t\t\t\t<div class=\"elementor-spacer\">\n\t\t\t<div class=\"elementor-spacer-inner\"><\/div>\n\t\t<\/div>\n\t\t\t\t\t\t<\/div>\n\t\t\t\t<\/div>\n\t\t\t\t\t<\/div>\n\t\t<\/div>\n\t\t\t\t\t<\/div>\n\t\t<\/section>\n\t\t\t\t<section class=\"elementor-section elementor-top-section elementor-element elementor-element-267de24 elementor-section-boxed elementor-section-height-default elementor-section-height-default\" data-id=\"267de24\" data-element_type=\"section\" data-e-type=\"section\" data-settings=\"{&quot;background_background&quot;:&quot;classic&quot;}\">\n\t\t\t\t\t\t<div class=\"elementor-container elementor-column-gap-default\">\n\t\t\t\t\t<div class=\"elementor-column elementor-col-100 elementor-top-column elementor-element elementor-element-d9cfea8\" data-id=\"d9cfea8\" data-element_type=\"column\" data-e-type=\"column\">\n\t\t\t<div class=\"elementor-widget-wrap elementor-element-populated\">\n\t\t\t\t\t\t<div class=\"elementor-element elementor-element-e5adbfb elementor-widget elementor-widget-heading\" data-id=\"e5adbfb\" data-element_type=\"widget\" data-e-type=\"widget\" data-widget_type=\"heading.default\">\n\t\t\t\t<div class=\"elementor-widget-container\">\n\t\t\t\t\t<h2 class=\"elementor-heading-title elementor-size-default\">Une oeuvre et une collaboration<\/h2>\t\t\t\t<\/div>\n\t\t\t\t<\/div>\n\t\t\t\t<div class=\"elementor-element elementor-element-f483b30 elementor-widget elementor-widget-text-editor\" data-id=\"f483b30\" data-element_type=\"widget\" data-e-type=\"widget\" data-widget_type=\"text-editor.default\">\n\t\t\t\t<div class=\"elementor-widget-container\">\n\t\t\t\t\t\t\t\t\t<h2>\u00c0 d\u00e9couvrir en vid\u00e9os<\/h2>\t\t\t\t\t\t\t\t<\/div>\n\t\t\t\t<\/div>\n\t\t\t\t\t<\/div>\n\t\t<\/div>\n\t\t\t\t\t<\/div>\n\t\t<\/section>\n\t\t\t\t<section class=\"elementor-section elementor-top-section elementor-element elementor-element-6e3d083 elementor-section-boxed elementor-section-height-default elementor-section-height-default\" data-id=\"6e3d083\" data-element_type=\"section\" data-e-type=\"section\">\n\t\t\t\t\t\t<div class=\"elementor-container elementor-column-gap-default\">\n\t\t\t\t\t<div class=\"elementor-column elementor-col-100 elementor-top-column elementor-element elementor-element-3b92158\" data-id=\"3b92158\" data-element_type=\"column\" data-e-type=\"column\">\n\t\t\t<div class=\"elementor-widget-wrap elementor-element-populated\">\n\t\t\t\t\t\t<div class=\"elementor-element elementor-element-1e105ee elementor-widget elementor-widget-spacer\" data-id=\"1e105ee\" data-element_type=\"widget\" data-e-type=\"widget\" data-widget_type=\"spacer.default\">\n\t\t\t\t<div class=\"elementor-widget-container\">\n\t\t\t\t\t\t\t<div class=\"elementor-spacer\">\n\t\t\t<div class=\"elementor-spacer-inner\"><\/div>\n\t\t<\/div>\n\t\t\t\t\t\t<\/div>\n\t\t\t\t<\/div>\n\t\t\t\t<div class=\"elementor-element elementor-element-1b062fe elementor-widget elementor-widget-text-editor\" data-id=\"1b062fe\" data-element_type=\"widget\" data-e-type=\"widget\" data-widget_type=\"text-editor.default\">\n\t\t\t\t<div class=\"elementor-widget-container\">\n\t\t\t\t\t\t\t\t\t<p>Pour accompagner cette collaboration, <strong>Grain de Sail<\/strong> et <strong>Jonathan Florent<\/strong> proposent \u00e9galement <a href=\"https:\/\/youtube.com\/playlist?list=PL_Ofs8lJOMZenOtJJS7IZ-hzBO8na96Qw&amp;si=iChQ4twJPDArHda8\">une s\u00e9rie de vid\u00e9os<\/a> diffus\u00e9es sur YouTube, permettant de d\u00e9couvrir le parcours de l\u2019artiste, sa d\u00e9marche et les coulisses de la cr\u00e9ation de l\u2019\u0153uvre.<\/p>\t\t\t\t\t\t\t\t<\/div>\n\t\t\t\t<\/div>\n\t\t\t\t<div class=\"elementor-element elementor-element-47e5569 elementor-widget__width-initial elementor-widget elementor-widget-video\" data-id=\"47e5569\" data-element_type=\"widget\" data-e-type=\"widget\" data-settings=\"{&quot;youtube_url&quot;:&quot;https:\\\/\\\/www.youtube.com\\\/watch?v=wbEus5VlfDA&amp;list=PL_Ofs8lJOMZenOtJJS7IZ-hzBO8na96Qw&amp;index=1&amp;t=8s&quot;,&quot;video_type&quot;:&quot;youtube&quot;,&quot;controls&quot;:&quot;yes&quot;}\" data-widget_type=\"video.default\">\n\t\t\t\t<div class=\"elementor-widget-container\">\n\t\t\t\t\t\t\t<div class=\"elementor-wrapper elementor-open-inline\">\n\t\t\t<div class=\"elementor-video\"><\/div>\t\t<\/div>\n\t\t\t\t\t\t<\/div>\n\t\t\t\t<\/div>\n\t\t\t\t<div class=\"elementor-element elementor-element-12c6958 elementor-widget elementor-widget-spacer\" data-id=\"12c6958\" data-element_type=\"widget\" data-e-type=\"widget\" data-widget_type=\"spacer.default\">\n\t\t\t\t<div class=\"elementor-widget-container\">\n\t\t\t\t\t\t\t<div class=\"elementor-spacer\">\n\t\t\t<div class=\"elementor-spacer-inner\"><\/div>\n\t\t<\/div>\n\t\t\t\t\t\t<\/div>\n\t\t\t\t<\/div>\n\t\t\t\t<div class=\"elementor-element elementor-element-a36c9ad elementor-widget elementor-widget-heading\" data-id=\"a36c9ad\" data-element_type=\"widget\" data-e-type=\"widget\" data-widget_type=\"heading.default\">\n\t\t\t\t<div class=\"elementor-widget-container\">\n\t\t\t\t\t<h3 class=\"elementor-heading-title elementor-size-default\">Une cr\u00e9ation artistique sur les tablettes Grain de Sail pendant 1 an<\/h3>\t\t\t\t<\/div>\n\t\t\t\t<\/div>\n\t\t\t\t\t<\/div>\n\t\t<\/div>\n\t\t\t\t\t<\/div>\n\t\t<\/section>\n\t\t\t\t<section class=\"elementor-section elementor-top-section elementor-element elementor-element-bacd41f elementor-section-boxed elementor-section-height-default elementor-section-height-default\" data-id=\"bacd41f\" data-element_type=\"section\" data-e-type=\"section\">\n\t\t\t\t\t\t<div class=\"elementor-container elementor-column-gap-default\">\n\t\t\t\t\t<div class=\"elementor-column elementor-col-100 elementor-top-column elementor-element elementor-element-adfb880\" data-id=\"adfb880\" data-element_type=\"column\" data-e-type=\"column\">\n\t\t\t<div class=\"elementor-widget-wrap elementor-element-populated\">\n\t\t\t\t\t\t<div class=\"elementor-element elementor-element-5a67186 elementor-widget elementor-widget-spacer\" data-id=\"5a67186\" data-element_type=\"widget\" data-e-type=\"widget\" data-widget_type=\"spacer.default\">\n\t\t\t\t<div class=\"elementor-widget-container\">\n\t\t\t\t\t\t\t<div class=\"elementor-spacer\">\n\t\t\t<div class=\"elementor-spacer-inner\"><\/div>\n\t\t<\/div>\n\t\t\t\t\t\t<\/div>\n\t\t\t\t<\/div>\n\t\t\t\t<div class=\"elementor-element elementor-element-f351edf elementor-widget elementor-widget-heading\" data-id=\"f351edf\" data-element_type=\"widget\" data-e-type=\"widget\" data-widget_type=\"heading.default\">\n\t\t\t\t<div class=\"elementor-widget-container\">\n\t\t\t\t\t<h2 class=\"elementor-heading-title elementor-size-default\">tablette en \u00e9dition limit\u00e9e<\/h2>\t\t\t\t<\/div>\n\t\t\t\t<\/div>\n\t\t\t\t<div class=\"elementor-element elementor-element-4a5a903 elementor-widget__width-initial elementor-widget-mobile__width-initial elementor-widget elementor-widget-text-editor\" data-id=\"4a5a903\" data-element_type=\"widget\" data-e-type=\"widget\" data-widget_type=\"text-editor.default\">\n\t\t\t\t<div class=\"elementor-widget-container\">\n\t\t\t\t\t\t\t\t\t<h2>\u00c0 retrouver sur l&#8217;ann\u00e9e 2026\/2027<\/h2>\t\t\t\t\t\t\t\t<\/div>\n\t\t\t\t<\/div>\n\t\t\t\t<div class=\"elementor-element elementor-element-515404f elementor-widget elementor-widget-spacer\" data-id=\"515404f\" data-element_type=\"widget\" data-e-type=\"widget\" data-widget_type=\"spacer.default\">\n\t\t\t\t<div class=\"elementor-widget-container\">\n\t\t\t\t\t\t\t<div class=\"elementor-spacer\">\n\t\t\t<div class=\"elementor-spacer-inner\"><\/div>\n\t\t<\/div>\n\t\t\t\t\t\t<\/div>\n\t\t\t\t<\/div>\n\t\t\t\t\t<\/div>\n\t\t<\/div>\n\t\t\t\t\t<\/div>\n\t\t<\/section>\n\t\t\t\t<section class=\"elementor-section elementor-top-section elementor-element elementor-element-57bbfe7 elementor-section-boxed elementor-section-height-default elementor-section-height-default\" data-id=\"57bbfe7\" data-element_type=\"section\" data-e-type=\"section\">\n\t\t\t\t\t\t<div class=\"elementor-container elementor-column-gap-default\">\n\t\t\t\t\t<div class=\"elementor-column elementor-col-50 elementor-top-column elementor-element elementor-element-4274881\" data-id=\"4274881\" data-element_type=\"column\" data-e-type=\"column\">\n\t\t\t<div class=\"elementor-widget-wrap elementor-element-populated\">\n\t\t\t\t\t\t<div class=\"elementor-element elementor-element-202a77f elementor-widget elementor-widget-image\" data-id=\"202a77f\" data-element_type=\"widget\" data-e-type=\"widget\" data-widget_type=\"image.default\">\n\t\t\t\t<div class=\"elementor-widget-container\">\n\t\t\t\t\t\t\t\t\t\t\t\t\t\t\t<img decoding=\"async\" width=\"422\" height=\"777\" data-src=\"https:\/\/graindesail.com\/wp-content\/uploads\/2026\/01\/GDS-NOIRFDS-TABLETTE-JF-BD-RECTO.png\" class=\"attachment-medium_large size-medium_large wp-image-25647 lazyload\" alt=\"Enveloppe tablette Noir Fleur de Sel \u00e9dition limit\u00e9e 10 ans Jonathan Florent\" data-srcset=\"https:\/\/graindesail.com\/wp-content\/uploads\/2026\/01\/GDS-NOIRFDS-TABLETTE-JF-BD-RECTO.png 422w, https:\/\/graindesail.com\/wp-content\/uploads\/2026\/01\/GDS-NOIRFDS-TABLETTE-JF-BD-RECTO-163x300.png 163w\" data-sizes=\"(max-width: 422px) 100vw, 422px\" src=\"data:image\/svg+xml;base64,PHN2ZyB3aWR0aD0iMSIgaGVpZ2h0PSIxIiB4bWxucz0iaHR0cDovL3d3dy53My5vcmcvMjAwMC9zdmciPjwvc3ZnPg==\" style=\"--smush-placeholder-width: 422px; --smush-placeholder-aspect-ratio: 422\/777;\" \/>\t\t\t\t\t\t\t\t\t\t\t\t\t\t\t<\/div>\n\t\t\t\t<\/div>\n\t\t\t\t\t<\/div>\n\t\t<\/div>\n\t\t\t\t<div class=\"elementor-column elementor-col-50 elementor-top-column elementor-element elementor-element-fe2fd3c\" data-id=\"fe2fd3c\" data-element_type=\"column\" data-e-type=\"column\">\n\t\t\t<div class=\"elementor-widget-wrap elementor-element-populated\">\n\t\t\t\t\t\t<div class=\"elementor-element elementor-element-9deeae4 elementor-widget elementor-widget-text-editor\" data-id=\"9deeae4\" data-element_type=\"widget\" data-e-type=\"widget\" data-widget_type=\"text-editor.default\">\n\t\t\t\t<div class=\"elementor-widget-container\">\n\t\t\t\t\t\t\t\t\t<p><strong>\u00ab Lumi\u00e8res froides sur Grain de Sail II \u00bb<\/strong> sera appos\u00e9e pendant 1 an sur l\u2019emballage de la <a href=\"https:\/\/graindesail.com\/fr\/produit\/tablette-de-chocolat-noir-et-fleur-de-sel-100g-bio\/\"><b>tablette de chocolat noir \u00e0 la fleur de sel<\/b><\/a>, marquant les 10 ans des tablettes Grain de Sail par une cr\u00e9ation artistique locale, humaine et engag\u00e9e.\u00a0<\/p><p>\u00c0 partir d&#8217;Avril 2026, retrouvez cette tablette en \u00e9dition limit\u00e9e en grandes et moyennes surfaces, ainsi que sur notre site internet et dans nous boutiques Grain de Sail.\u00a0<\/p><p>Une \u00e9dition limit\u00e9e pens\u00e9e comme une rencontre entre l\u2019art et le chocolat : de quoi ravir les collectionneurs et de garder pr\u00e9cieusement cette tablette, ou au moins son emballage, comme un souvenir gourmand de cette collaboration artistique.<\/p>\t\t\t\t\t\t\t\t<\/div>\n\t\t\t\t<\/div>\n\t\t\t\t<div class=\"elementor-element elementor-element-b0ccebc elementor-align-center elementor-widget elementor-widget-button\" data-id=\"b0ccebc\" data-element_type=\"widget\" data-e-type=\"widget\" data-widget_type=\"button.default\">\n\t\t\t\t<div class=\"elementor-widget-container\">\n\t\t\t\t\t\t\t\t\t<div class=\"elementor-button-wrapper\">\n\t\t\t\t\t<a class=\"elementor-button elementor-button-link elementor-size-sm\" href=\"https:\/\/graindesail.com\/fr\/produit\/tablette-de-chocolat-noir-et-fleur-de-sel-100g-bio\/\">\n\t\t\t\t\t\t<span class=\"elementor-button-content-wrapper\">\n\t\t\t\t\t\t\t\t\t<span class=\"elementor-button-text\">Acheter ma tablette Noir Fleur de Sel <br>en \u00e9dition limit\u00e9e<\/span>\n\t\t\t\t\t<\/span>\n\t\t\t\t\t<\/a>\n\t\t\t\t<\/div>\n\t\t\t\t\t\t\t\t<\/div>\n\t\t\t\t<\/div>\n\t\t\t\t\t<\/div>\n\t\t<\/div>\n\t\t\t\t\t<\/div>\n\t\t<\/section>\n\t\t\t\t<\/div>\n\t\t","protected":false},"excerpt":{"rendered":"<p>Grain de Sail et l&#8217;artiste finist\u00e9rien Jonathan Florent d\u00e9voilent : &#8220;Lumi\u00e8res froides sur Grain de Sail II&#8221; Une collaboration artistique pour les 10 ans des tablettes Grain de Sail \u00c0 l\u2019occasion des 10 ans des ventes de ses tablettes de chocolat, l\u2019entreprise bretonne Grain de Sail s\u2019associe \u00e0 l\u2019artiste finist\u00e9rien et Peintre Officiel de la [&hellip;]<\/p>\n","protected":false},"author":2,"featured_media":23101,"comment_status":"open","ping_status":"open","sticky":false,"template":"elementor_header_footer","format":"standard","meta":{"_acf_changed":false,"footnotes":""},"categories":[243,253],"tags":[],"class_list":["post-23164","post","type-post","status-publish","format-standard","has-post-thumbnail","hentry","category-actualites-globales","category-tout-sur-le-chocolat"],"acf":[],"yoast_head":"<!-- This site is optimized with the Yoast SEO plugin v25.5 - https:\/\/yoast.com\/wordpress\/plugins\/seo\/ -->\n<title>Quand la peinture rencontre le chocolat<\/title>\n<meta name=\"description\" content=\"Pour ses 10 ans, Grain de Sail collabore avec l\u2019artiste Jonathan Florent autour d\u2019une \u0153uvre inspir\u00e9e du voilier-cargo Grain de Sail II.\" \/>\n<meta name=\"robots\" content=\"index, follow, max-snippet:-1, max-image-preview:large, max-video-preview:-1\" \/>\n<link rel=\"canonical\" href=\"https:\/\/graindesail.com\/fr\/quand-la-peinture-rencontre-le-chocolat-ledition-limitee-signee-jonathan-florent-chez-grain-de-sail\/\" \/>\n<meta property=\"og:locale\" content=\"fr_FR\" \/>\n<meta property=\"og:type\" content=\"article\" \/>\n<meta property=\"og:title\" content=\"Quand la peinture rencontre le chocolat\" \/>\n<meta property=\"og:description\" content=\"Pour ses 10 ans, Grain de Sail collabore avec l\u2019artiste Jonathan Florent autour d\u2019une \u0153uvre inspir\u00e9e du voilier-cargo Grain de Sail II.\" \/>\n<meta property=\"og:url\" content=\"https:\/\/graindesail.com\/fr\/quand-la-peinture-rencontre-le-chocolat-ledition-limitee-signee-jonathan-florent-chez-grain-de-sail\/\" \/>\n<meta property=\"og:site_name\" content=\"GDS\" \/>\n<meta property=\"article:published_time\" content=\"2026-03-12T13:54:19+00:00\" \/>\n<meta property=\"article:modified_time\" content=\"2026-04-13T09:20:22+00:00\" \/>\n<meta property=\"og:image\" content=\"https:\/\/graindesail.com\/wp-content\/uploads\/2026\/01\/724A9889-1-rotated.jpg\" \/>\n\t<meta property=\"og:image:width\" content=\"1080\" \/>\n\t<meta property=\"og:image:height\" content=\"1920\" \/>\n\t<meta property=\"og:image:type\" content=\"image\/jpeg\" \/>\n<meta name=\"author\" content=\"Joy\" \/>\n<meta name=\"twitter:card\" content=\"summary_large_image\" \/>\n<meta name=\"twitter:label1\" content=\"\u00c9crit par\" \/>\n\t<meta name=\"twitter:data1\" content=\"Joy\" \/>\n\t<meta name=\"twitter:label2\" content=\"Dur\u00e9e de lecture estim\u00e9e\" \/>\n\t<meta name=\"twitter:data2\" content=\"4 minutes\" \/>\n<script type=\"application\/ld+json\" class=\"yoast-schema-graph\">{\"@context\":\"https:\/\/schema.org\",\"@graph\":[{\"@type\":\"Article\",\"@id\":\"https:\/\/graindesail.com\/fr\/quand-la-peinture-rencontre-le-chocolat-ledition-limitee-signee-jonathan-florent-chez-grain-de-sail\/#article\",\"isPartOf\":{\"@id\":\"https:\/\/graindesail.com\/fr\/quand-la-peinture-rencontre-le-chocolat-ledition-limitee-signee-jonathan-florent-chez-grain-de-sail\/\"},\"author\":{\"name\":\"Joy\",\"@id\":\"https:\/\/graindesail.com\/fr\/#\/schema\/person\/6f6441cc7674f7119945ad4809ddb856\"},\"headline\":\"Quand la peinture rencontre le chocolat : l\u2019\u00e9dition limit\u00e9e sign\u00e9e Jonathan Florent chez\u00a0Grain de Sail\",\"datePublished\":\"2026-03-12T13:54:19+00:00\",\"dateModified\":\"2026-04-13T09:20:22+00:00\",\"mainEntityOfPage\":{\"@id\":\"https:\/\/graindesail.com\/fr\/quand-la-peinture-rencontre-le-chocolat-ledition-limitee-signee-jonathan-florent-chez-grain-de-sail\/\"},\"wordCount\":611,\"commentCount\":0,\"publisher\":{\"@id\":\"https:\/\/graindesail.com\/fr\/#organization\"},\"image\":{\"@id\":\"https:\/\/graindesail.com\/fr\/quand-la-peinture-rencontre-le-chocolat-ledition-limitee-signee-jonathan-florent-chez-grain-de-sail\/#primaryimage\"},\"thumbnailUrl\":\"https:\/\/graindesail.com\/wp-content\/uploads\/2026\/01\/724A9889-1-rotated.jpg\",\"articleSection\":[\"Actualit\u00e9s globales\",\"Tout sur le chocolat\"],\"inLanguage\":\"fr-FR\",\"potentialAction\":[{\"@type\":\"CommentAction\",\"name\":\"Comment\",\"target\":[\"https:\/\/graindesail.com\/fr\/quand-la-peinture-rencontre-le-chocolat-ledition-limitee-signee-jonathan-florent-chez-grain-de-sail\/#respond\"]}]},{\"@type\":\"WebPage\",\"@id\":\"https:\/\/graindesail.com\/fr\/quand-la-peinture-rencontre-le-chocolat-ledition-limitee-signee-jonathan-florent-chez-grain-de-sail\/\",\"url\":\"https:\/\/graindesail.com\/fr\/quand-la-peinture-rencontre-le-chocolat-ledition-limitee-signee-jonathan-florent-chez-grain-de-sail\/\",\"name\":\"Quand la peinture rencontre le chocolat\",\"isPartOf\":{\"@id\":\"https:\/\/graindesail.com\/fr\/#website\"},\"primaryImageOfPage\":{\"@id\":\"https:\/\/graindesail.com\/fr\/quand-la-peinture-rencontre-le-chocolat-ledition-limitee-signee-jonathan-florent-chez-grain-de-sail\/#primaryimage\"},\"image\":{\"@id\":\"https:\/\/graindesail.com\/fr\/quand-la-peinture-rencontre-le-chocolat-ledition-limitee-signee-jonathan-florent-chez-grain-de-sail\/#primaryimage\"},\"thumbnailUrl\":\"https:\/\/graindesail.com\/wp-content\/uploads\/2026\/01\/724A9889-1-rotated.jpg\",\"datePublished\":\"2026-03-12T13:54:19+00:00\",\"dateModified\":\"2026-04-13T09:20:22+00:00\",\"description\":\"Pour ses 10 ans, Grain de Sail collabore avec l\u2019artiste Jonathan Florent autour d\u2019une \u0153uvre inspir\u00e9e du voilier-cargo Grain de Sail II.\",\"breadcrumb\":{\"@id\":\"https:\/\/graindesail.com\/fr\/quand-la-peinture-rencontre-le-chocolat-ledition-limitee-signee-jonathan-florent-chez-grain-de-sail\/#breadcrumb\"},\"inLanguage\":\"fr-FR\",\"potentialAction\":[{\"@type\":\"ReadAction\",\"target\":[\"https:\/\/graindesail.com\/fr\/quand-la-peinture-rencontre-le-chocolat-ledition-limitee-signee-jonathan-florent-chez-grain-de-sail\/\"]}]},{\"@type\":\"ImageObject\",\"inLanguage\":\"fr-FR\",\"@id\":\"https:\/\/graindesail.com\/fr\/quand-la-peinture-rencontre-le-chocolat-ledition-limitee-signee-jonathan-florent-chez-grain-de-sail\/#primaryimage\",\"url\":\"https:\/\/graindesail.com\/wp-content\/uploads\/2026\/01\/724A9889-1-rotated.jpg\",\"contentUrl\":\"https:\/\/graindesail.com\/wp-content\/uploads\/2026\/01\/724A9889-1-rotated.jpg\",\"width\":1080,\"height\":1920,\"caption\":\"Tablette Noir Fleur de Sel, oeuvre \\\" Lumi\u00e8res froides sur Grain de Sail II\\\"\"},{\"@type\":\"BreadcrumbList\",\"@id\":\"https:\/\/graindesail.com\/fr\/quand-la-peinture-rencontre-le-chocolat-ledition-limitee-signee-jonathan-florent-chez-grain-de-sail\/#breadcrumb\",\"itemListElement\":[{\"@type\":\"ListItem\",\"position\":1,\"name\":\"Home\",\"item\":\"https:\/\/graindesail.com\/fr\/\"},{\"@type\":\"ListItem\",\"position\":2,\"name\":\"Quand la peinture rencontre le chocolat : l\u2019\u00e9dition limit\u00e9e sign\u00e9e Jonathan Florent chez\u00a0Grain de Sail\"}]},{\"@type\":\"WebSite\",\"@id\":\"https:\/\/graindesail.com\/fr\/#website\",\"url\":\"https:\/\/graindesail.com\/fr\/\",\"name\":\"GDS\",\"description\":\"\",\"publisher\":{\"@id\":\"https:\/\/graindesail.com\/fr\/#organization\"},\"potentialAction\":[{\"@type\":\"SearchAction\",\"target\":{\"@type\":\"EntryPoint\",\"urlTemplate\":\"https:\/\/graindesail.com\/fr\/?s={search_term_string}\"},\"query-input\":{\"@type\":\"PropertyValueSpecification\",\"valueRequired\":true,\"valueName\":\"search_term_string\"}}],\"inLanguage\":\"fr-FR\"},{\"@type\":\"Organization\",\"@id\":\"https:\/\/graindesail.com\/fr\/#organization\",\"name\":\"GDS\",\"url\":\"https:\/\/graindesail.com\/fr\/\",\"logo\":{\"@type\":\"ImageObject\",\"inLanguage\":\"fr-FR\",\"@id\":\"https:\/\/graindesail.com\/fr\/#\/schema\/logo\/image\/\",\"url\":\"https:\/\/graindesail.com\/wp-content\/uploads\/2024\/12\/logo.svg\",\"contentUrl\":\"https:\/\/graindesail.com\/wp-content\/uploads\/2024\/12\/logo.svg\",\"width\":82,\"height\":130,\"caption\":\"GDS\"},\"image\":{\"@id\":\"https:\/\/graindesail.com\/fr\/#\/schema\/logo\/image\/\"}},{\"@type\":\"Person\",\"@id\":\"https:\/\/graindesail.com\/fr\/#\/schema\/person\/6f6441cc7674f7119945ad4809ddb856\",\"name\":\"Joy\",\"image\":{\"@type\":\"ImageObject\",\"inLanguage\":\"fr-FR\",\"@id\":\"https:\/\/graindesail.com\/fr\/#\/schema\/person\/image\/\",\"url\":\"https:\/\/secure.gravatar.com\/avatar\/5f597f9352c8312aa125d316f0da971dfb4d011cc05b7b9bff7464e1cc973dd2?s=96&d=mm&r=g\",\"contentUrl\":\"https:\/\/secure.gravatar.com\/avatar\/5f597f9352c8312aa125d316f0da971dfb4d011cc05b7b9bff7464e1cc973dd2?s=96&d=mm&r=g\",\"caption\":\"Joy\"},\"url\":\"https:\/\/graindesail.com\/fr\/author\/joy\/\"}]}<\/script>\n<!-- \/ Yoast SEO plugin. -->","yoast_head_json":{"title":"Quand la peinture rencontre le chocolat","description":"Pour ses 10 ans, Grain de Sail collabore avec l\u2019artiste Jonathan Florent autour d\u2019une \u0153uvre inspir\u00e9e du voilier-cargo Grain de Sail II.","robots":{"index":"index","follow":"follow","max-snippet":"max-snippet:-1","max-image-preview":"max-image-preview:large","max-video-preview":"max-video-preview:-1"},"canonical":"https:\/\/graindesail.com\/fr\/quand-la-peinture-rencontre-le-chocolat-ledition-limitee-signee-jonathan-florent-chez-grain-de-sail\/","og_locale":"fr_FR","og_type":"article","og_title":"Quand la peinture rencontre le chocolat","og_description":"Pour ses 10 ans, Grain de Sail collabore avec l\u2019artiste Jonathan Florent autour d\u2019une \u0153uvre inspir\u00e9e du voilier-cargo Grain de Sail II.","og_url":"https:\/\/graindesail.com\/fr\/quand-la-peinture-rencontre-le-chocolat-ledition-limitee-signee-jonathan-florent-chez-grain-de-sail\/","og_site_name":"GDS","article_published_time":"2026-03-12T13:54:19+00:00","article_modified_time":"2026-04-13T09:20:22+00:00","og_image":[{"width":1080,"height":1920,"url":"https:\/\/graindesail.com\/wp-content\/uploads\/2026\/01\/724A9889-1-rotated.jpg","type":"image\/jpeg"}],"author":"Joy","twitter_card":"summary_large_image","twitter_misc":{"\u00c9crit par":"Joy","Dur\u00e9e de lecture estim\u00e9e":"4 minutes"},"schema":{"@context":"https:\/\/schema.org","@graph":[{"@type":"Article","@id":"https:\/\/graindesail.com\/fr\/quand-la-peinture-rencontre-le-chocolat-ledition-limitee-signee-jonathan-florent-chez-grain-de-sail\/#article","isPartOf":{"@id":"https:\/\/graindesail.com\/fr\/quand-la-peinture-rencontre-le-chocolat-ledition-limitee-signee-jonathan-florent-chez-grain-de-sail\/"},"author":{"name":"Joy","@id":"https:\/\/graindesail.com\/fr\/#\/schema\/person\/6f6441cc7674f7119945ad4809ddb856"},"headline":"Quand la peinture rencontre le chocolat : l\u2019\u00e9dition limit\u00e9e sign\u00e9e Jonathan Florent chez\u00a0Grain de Sail","datePublished":"2026-03-12T13:54:19+00:00","dateModified":"2026-04-13T09:20:22+00:00","mainEntityOfPage":{"@id":"https:\/\/graindesail.com\/fr\/quand-la-peinture-rencontre-le-chocolat-ledition-limitee-signee-jonathan-florent-chez-grain-de-sail\/"},"wordCount":611,"commentCount":0,"publisher":{"@id":"https:\/\/graindesail.com\/fr\/#organization"},"image":{"@id":"https:\/\/graindesail.com\/fr\/quand-la-peinture-rencontre-le-chocolat-ledition-limitee-signee-jonathan-florent-chez-grain-de-sail\/#primaryimage"},"thumbnailUrl":"https:\/\/graindesail.com\/wp-content\/uploads\/2026\/01\/724A9889-1-rotated.jpg","articleSection":["Actualit\u00e9s globales","Tout sur le chocolat"],"inLanguage":"fr-FR","potentialAction":[{"@type":"CommentAction","name":"Comment","target":["https:\/\/graindesail.com\/fr\/quand-la-peinture-rencontre-le-chocolat-ledition-limitee-signee-jonathan-florent-chez-grain-de-sail\/#respond"]}]},{"@type":"WebPage","@id":"https:\/\/graindesail.com\/fr\/quand-la-peinture-rencontre-le-chocolat-ledition-limitee-signee-jonathan-florent-chez-grain-de-sail\/","url":"https:\/\/graindesail.com\/fr\/quand-la-peinture-rencontre-le-chocolat-ledition-limitee-signee-jonathan-florent-chez-grain-de-sail\/","name":"Quand la peinture rencontre le chocolat","isPartOf":{"@id":"https:\/\/graindesail.com\/fr\/#website"},"primaryImageOfPage":{"@id":"https:\/\/graindesail.com\/fr\/quand-la-peinture-rencontre-le-chocolat-ledition-limitee-signee-jonathan-florent-chez-grain-de-sail\/#primaryimage"},"image":{"@id":"https:\/\/graindesail.com\/fr\/quand-la-peinture-rencontre-le-chocolat-ledition-limitee-signee-jonathan-florent-chez-grain-de-sail\/#primaryimage"},"thumbnailUrl":"https:\/\/graindesail.com\/wp-content\/uploads\/2026\/01\/724A9889-1-rotated.jpg","datePublished":"2026-03-12T13:54:19+00:00","dateModified":"2026-04-13T09:20:22+00:00","description":"Pour ses 10 ans, Grain de Sail collabore avec l\u2019artiste Jonathan Florent autour d\u2019une \u0153uvre inspir\u00e9e du voilier-cargo Grain de Sail II.","breadcrumb":{"@id":"https:\/\/graindesail.com\/fr\/quand-la-peinture-rencontre-le-chocolat-ledition-limitee-signee-jonathan-florent-chez-grain-de-sail\/#breadcrumb"},"inLanguage":"fr-FR","potentialAction":[{"@type":"ReadAction","target":["https:\/\/graindesail.com\/fr\/quand-la-peinture-rencontre-le-chocolat-ledition-limitee-signee-jonathan-florent-chez-grain-de-sail\/"]}]},{"@type":"ImageObject","inLanguage":"fr-FR","@id":"https:\/\/graindesail.com\/fr\/quand-la-peinture-rencontre-le-chocolat-ledition-limitee-signee-jonathan-florent-chez-grain-de-sail\/#primaryimage","url":"https:\/\/graindesail.com\/wp-content\/uploads\/2026\/01\/724A9889-1-rotated.jpg","contentUrl":"https:\/\/graindesail.com\/wp-content\/uploads\/2026\/01\/724A9889-1-rotated.jpg","width":1080,"height":1920,"caption":"Tablette Noir Fleur de Sel, oeuvre \" Lumi\u00e8res froides sur Grain de Sail II\""},{"@type":"BreadcrumbList","@id":"https:\/\/graindesail.com\/fr\/quand-la-peinture-rencontre-le-chocolat-ledition-limitee-signee-jonathan-florent-chez-grain-de-sail\/#breadcrumb","itemListElement":[{"@type":"ListItem","position":1,"name":"Home","item":"https:\/\/graindesail.com\/fr\/"},{"@type":"ListItem","position":2,"name":"Quand la peinture rencontre le chocolat : l\u2019\u00e9dition limit\u00e9e sign\u00e9e Jonathan Florent chez\u00a0Grain de Sail"}]},{"@type":"WebSite","@id":"https:\/\/graindesail.com\/fr\/#website","url":"https:\/\/graindesail.com\/fr\/","name":"GDS","description":"","publisher":{"@id":"https:\/\/graindesail.com\/fr\/#organization"},"potentialAction":[{"@type":"SearchAction","target":{"@type":"EntryPoint","urlTemplate":"https:\/\/graindesail.com\/fr\/?s={search_term_string}"},"query-input":{"@type":"PropertyValueSpecification","valueRequired":true,"valueName":"search_term_string"}}],"inLanguage":"fr-FR"},{"@type":"Organization","@id":"https:\/\/graindesail.com\/fr\/#organization","name":"GDS","url":"https:\/\/graindesail.com\/fr\/","logo":{"@type":"ImageObject","inLanguage":"fr-FR","@id":"https:\/\/graindesail.com\/fr\/#\/schema\/logo\/image\/","url":"https:\/\/graindesail.com\/wp-content\/uploads\/2024\/12\/logo.svg","contentUrl":"https:\/\/graindesail.com\/wp-content\/uploads\/2024\/12\/logo.svg","width":82,"height":130,"caption":"GDS"},"image":{"@id":"https:\/\/graindesail.com\/fr\/#\/schema\/logo\/image\/"}},{"@type":"Person","@id":"https:\/\/graindesail.com\/fr\/#\/schema\/person\/6f6441cc7674f7119945ad4809ddb856","name":"Joy","image":{"@type":"ImageObject","inLanguage":"fr-FR","@id":"https:\/\/graindesail.com\/fr\/#\/schema\/person\/image\/","url":"https:\/\/secure.gravatar.com\/avatar\/5f597f9352c8312aa125d316f0da971dfb4d011cc05b7b9bff7464e1cc973dd2?s=96&d=mm&r=g","contentUrl":"https:\/\/secure.gravatar.com\/avatar\/5f597f9352c8312aa125d316f0da971dfb4d011cc05b7b9bff7464e1cc973dd2?s=96&d=mm&r=g","caption":"Joy"},"url":"https:\/\/graindesail.com\/fr\/author\/joy\/"}]}},"_links":{"self":[{"href":"https:\/\/graindesail.com\/fr\/wp-json\/wp\/v2\/posts\/23164","targetHints":{"allow":["GET"]}}],"collection":[{"href":"https:\/\/graindesail.com\/fr\/wp-json\/wp\/v2\/posts"}],"about":[{"href":"https:\/\/graindesail.com\/fr\/wp-json\/wp\/v2\/types\/post"}],"author":[{"embeddable":true,"href":"https:\/\/graindesail.com\/fr\/wp-json\/wp\/v2\/users\/2"}],"replies":[{"embeddable":true,"href":"https:\/\/graindesail.com\/fr\/wp-json\/wp\/v2\/comments?post=23164"}],"version-history":[{"count":32,"href":"https:\/\/graindesail.com\/fr\/wp-json\/wp\/v2\/posts\/23164\/revisions"}],"predecessor-version":[{"id":27175,"href":"https:\/\/graindesail.com\/fr\/wp-json\/wp\/v2\/posts\/23164\/revisions\/27175"}],"wp:featuredmedia":[{"embeddable":true,"href":"https:\/\/graindesail.com\/fr\/wp-json\/wp\/v2\/media\/23101"}],"wp:attachment":[{"href":"https:\/\/graindesail.com\/fr\/wp-json\/wp\/v2\/media?parent=23164"}],"wp:term":[{"taxonomy":"category","embeddable":true,"href":"https:\/\/graindesail.com\/fr\/wp-json\/wp\/v2\/categories?post=23164"},{"taxonomy":"post_tag","embeddable":true,"href":"https:\/\/graindesail.com\/fr\/wp-json\/wp\/v2\/tags?post=23164"}],"curies":[{"name":"wp","href":"https:\/\/api.w.org\/{rel}","templated":true}]}}