{"id":18873,"date":"2025-09-01T13:25:09","date_gmt":"2025-09-01T13:25:09","guid":{"rendered":"https:\/\/graindesail.com\/?p=18873"},"modified":"2026-01-06T08:26:33","modified_gmt":"2026-01-06T08:26:33","slug":"embarquez-avec-mousqueton-et-grain-de-sail","status":"publish","type":"post","link":"https:\/\/graindesail.com\/fr\/embarquez-avec-mousqueton-et-grain-de-sail\/","title":{"rendered":"Embarquez avec Mousqueton et Grain de Sail !"},"content":{"rendered":"\t\t<div data-elementor-type=\"wp-post\" data-elementor-id=\"18873\" class=\"elementor elementor-18873\" data-elementor-post-type=\"post\">\n\t\t\t\t\t\t<section class=\"elementor-section elementor-top-section elementor-element elementor-element-4615ae8 elementor-section-boxed elementor-section-height-default elementor-section-height-default\" data-id=\"4615ae8\" data-element_type=\"section\" data-e-type=\"section\">\n\t\t\t\t\t\t<div class=\"elementor-container elementor-column-gap-default\">\n\t\t\t\t\t<div class=\"elementor-column elementor-col-100 elementor-top-column elementor-element elementor-element-51dbb8e\" data-id=\"51dbb8e\" data-element_type=\"column\" data-e-type=\"column\">\n\t\t\t<div class=\"elementor-widget-wrap elementor-element-populated\">\n\t\t\t\t\t\t<div class=\"elementor-element elementor-element-44d26e6 elementor-widget-divider--view-line elementor-widget elementor-widget-divider\" data-id=\"44d26e6\" data-element_type=\"widget\" data-e-type=\"widget\" data-widget_type=\"divider.default\">\n\t\t\t\t<div class=\"elementor-widget-container\">\n\t\t\t\t\t\t\t<div class=\"elementor-divider\">\n\t\t\t<span class=\"elementor-divider-separator\">\n\t\t\t\t\t\t<\/span>\n\t\t<\/div>\n\t\t\t\t\t\t<\/div>\n\t\t\t\t<\/div>\n\t\t\t\t<div class=\"elementor-element elementor-element-e90c9dd elementor-widget elementor-widget-heading\" data-id=\"e90c9dd\" data-element_type=\"widget\" data-e-type=\"widget\" data-widget_type=\"heading.default\">\n\t\t\t\t<div class=\"elementor-widget-container\">\n\t\t\t\t\t<h1 class=\"elementor-heading-title elementor-size-default\">Embarquez avec Mousqueton et Grain de Sail !<\/h1>\t\t\t\t<\/div>\n\t\t\t\t<\/div>\n\t\t\t\t\t<\/div>\n\t\t<\/div>\n\t\t\t\t\t<\/div>\n\t\t<\/section>\n\t\t\t\t<section class=\"elementor-section elementor-top-section elementor-element elementor-element-56f43f0b elementor-section-boxed elementor-section-height-default elementor-section-height-default\" data-id=\"56f43f0b\" data-element_type=\"section\" data-e-type=\"section\">\n\t\t\t\t\t\t<div class=\"elementor-container elementor-column-gap-default\">\n\t\t\t\t\t<div class=\"elementor-column elementor-col-100 elementor-top-column elementor-element elementor-element-26e61b8e\" data-id=\"26e61b8e\" data-element_type=\"column\" data-e-type=\"column\">\n\t\t\t<div class=\"elementor-widget-wrap elementor-element-populated\">\n\t\t\t\t\t\t<div class=\"elementor-element elementor-element-7adce45 elementor-widget__width-initial elementor-widget-mobile__width-initial elementor-widget elementor-widget-image\" data-id=\"7adce45\" data-element_type=\"widget\" data-e-type=\"widget\" data-widget_type=\"image.default\">\n\t\t\t\t<div class=\"elementor-widget-container\">\n\t\t\t\t\t\t\t\t\t\t\t\t\t\t\t<img fetchpriority=\"high\" decoding=\"async\" width=\"800\" height=\"600\" src=\"https:\/\/graindesail.com\/wp-content\/uploads\/2025\/11\/GDSXMOUSQUETON-1024x768.jpg\" class=\"attachment-large size-large wp-image-18883\" alt=\"Grain de Sail collabore avec Mousqueton - Photo de groupe\" srcset=\"https:\/\/graindesail.com\/wp-content\/uploads\/2025\/11\/GDSXMOUSQUETON-1024x768.jpg 1024w, https:\/\/graindesail.com\/wp-content\/uploads\/2025\/11\/GDSXMOUSQUETON-300x225.jpg 300w, https:\/\/graindesail.com\/wp-content\/uploads\/2025\/11\/GDSXMOUSQUETON-768x576.jpg 768w, https:\/\/graindesail.com\/wp-content\/uploads\/2025\/11\/GDSXMOUSQUETON-1536x1152.jpg 1536w, https:\/\/graindesail.com\/wp-content\/uploads\/2025\/11\/GDSXMOUSQUETON-600x450.jpg 600w, https:\/\/graindesail.com\/wp-content\/uploads\/2025\/11\/GDSXMOUSQUETON.jpg 2048w\" sizes=\"(max-width: 800px) 100vw, 800px\" \/>\t\t\t\t\t\t\t\t\t\t\t\t\t\t\t<\/div>\n\t\t\t\t<\/div>\n\t\t\t\t\t<\/div>\n\t\t<\/div>\n\t\t\t\t\t<\/div>\n\t\t<\/section>\n\t\t\t\t<section class=\"elementor-section elementor-top-section elementor-element elementor-element-91fe844 elementor-section-boxed elementor-section-height-default elementor-section-height-default\" data-id=\"91fe844\" data-element_type=\"section\" data-e-type=\"section\">\n\t\t\t\t\t\t<div class=\"elementor-container elementor-column-gap-default\">\n\t\t\t\t\t<div class=\"elementor-column elementor-col-50 elementor-top-column elementor-element elementor-element-d4bf529\" data-id=\"d4bf529\" data-element_type=\"column\" data-e-type=\"column\">\n\t\t\t<div class=\"elementor-widget-wrap elementor-element-populated\">\n\t\t\t\t\t\t<div class=\"elementor-element elementor-element-3452bec elementor-widget__width-initial elementor-widget elementor-widget-heading\" data-id=\"3452bec\" data-element_type=\"widget\" data-e-type=\"widget\" data-widget_type=\"heading.default\">\n\t\t\t\t<div class=\"elementor-widget-container\">\n\t\t\t\t\t<h2 class=\"elementor-heading-title elementor-size-default\">Des tenues marines pour les marins du Grain de Sail 2<\/h2>\t\t\t\t<\/div>\n\t\t\t\t<\/div>\n\t\t\t\t<div class=\"elementor-element elementor-element-e977dd8 elementor-widget elementor-widget-text-editor\" data-id=\"e977dd8\" data-element_type=\"widget\" data-e-type=\"widget\" data-widget_type=\"text-editor.default\">\n\t\t\t\t<div class=\"elementor-widget-container\">\n\t\t\t\t\t\t\t\t\t<p>Pour affronter le vent, les embruns et les longues travers\u00e9es de l\u2019Atlantique, notre \u00e9quipage du\u00a0<strong>Grain de Sail 2<\/strong>\u00a0devait \u00eatre bien \u00e9quip\u00e9.<\/p><p>Et quand deux marques bretonnes qui partagent le m\u00eame go\u00fbt du large et les m\u00eames valeurs se rencontrent, la collaboration devient \u00e9vidente.<\/p><p>C\u2019est avec\u00a0<a href=\"https:\/\/mousqueton.eu\/fr\/\"><strong>Mousqueton<\/strong><\/a>, marque textile embl\u00e9matique de l\u2019univers nautique, que nous avons choisi d\u2019unir nos forces pour \u00e9quiper en polaires et tee-shirt, l\u2019\u00e9quipage de notre voilier-cargo\u00a0<strong>Grain de Sail 2<\/strong>.<\/p>\t\t\t\t\t\t\t\t<\/div>\n\t\t\t\t<\/div>\n\t\t\t\t\t<\/div>\n\t\t<\/div>\n\t\t\t\t<div class=\"elementor-column elementor-col-50 elementor-top-column elementor-element elementor-element-40bc5a9\" data-id=\"40bc5a9\" data-element_type=\"column\" data-e-type=\"column\">\n\t\t\t<div class=\"elementor-widget-wrap elementor-element-populated\">\n\t\t\t\t\t\t<div class=\"elementor-element elementor-element-f500012 elementor-widget elementor-widget-image\" data-id=\"f500012\" data-element_type=\"widget\" data-e-type=\"widget\" data-widget_type=\"image.default\">\n\t\t\t\t<div class=\"elementor-widget-container\">\n\t\t\t\t\t\t\t\t\t\t\t\t\t\t\t<img decoding=\"async\" width=\"768\" height=\"1024\" data-src=\"https:\/\/graindesail.com\/wp-content\/uploads\/2025\/11\/IMG_6743-2-768x1024.jpg\" class=\"attachment-medium_large size-medium_large wp-image-18875 lazyload\" alt=\"GDS - Mousqueton - Regard dans les jumelles\" data-srcset=\"https:\/\/graindesail.com\/wp-content\/uploads\/2025\/11\/IMG_6743-2-768x1024.jpg 768w, https:\/\/graindesail.com\/wp-content\/uploads\/2025\/11\/IMG_6743-2-225x300.jpg 225w, https:\/\/graindesail.com\/wp-content\/uploads\/2025\/11\/IMG_6743-2-1152x1536.jpg 1152w, https:\/\/graindesail.com\/wp-content\/uploads\/2025\/11\/IMG_6743-2-600x800.jpg 600w, https:\/\/graindesail.com\/wp-content\/uploads\/2025\/11\/IMG_6743-2.jpg 1536w\" data-sizes=\"(max-width: 768px) 100vw, 768px\" src=\"data:image\/svg+xml;base64,PHN2ZyB3aWR0aD0iMSIgaGVpZ2h0PSIxIiB4bWxucz0iaHR0cDovL3d3dy53My5vcmcvMjAwMC9zdmciPjwvc3ZnPg==\" style=\"--smush-placeholder-width: 768px; --smush-placeholder-aspect-ratio: 768\/1024;\" \/>\t\t\t\t\t\t\t\t\t\t\t\t\t\t\t<\/div>\n\t\t\t\t<\/div>\n\t\t\t\t\t<\/div>\n\t\t<\/div>\n\t\t\t\t\t<\/div>\n\t\t<\/section>\n\t\t\t\t<section class=\"elementor-section elementor-top-section elementor-element elementor-element-5fcc445 elementor-section-boxed elementor-section-height-default elementor-section-height-default\" data-id=\"5fcc445\" data-element_type=\"section\" data-e-type=\"section\">\n\t\t\t\t\t\t<div class=\"elementor-container elementor-column-gap-default\">\n\t\t\t\t\t<div class=\"elementor-column elementor-col-50 elementor-top-column elementor-element elementor-element-66cee65\" data-id=\"66cee65\" data-element_type=\"column\" data-e-type=\"column\">\n\t\t\t<div class=\"elementor-widget-wrap elementor-element-populated\">\n\t\t\t\t\t\t<div class=\"elementor-element elementor-element-b309f6f elementor-widget elementor-widget-image\" data-id=\"b309f6f\" data-element_type=\"widget\" data-e-type=\"widget\" data-widget_type=\"image.default\">\n\t\t\t\t<div class=\"elementor-widget-container\">\n\t\t\t\t\t\t\t\t\t\t\t\t\t\t\t<img decoding=\"async\" width=\"768\" height=\"1024\" data-src=\"https:\/\/graindesail.com\/wp-content\/uploads\/2025\/11\/P1268458-2-768x1024.jpg\" class=\"attachment-large size-large wp-image-18881 lazyload\" alt=\"GDS - Mousqueton - Marin sur le bateau\" data-srcset=\"https:\/\/graindesail.com\/wp-content\/uploads\/2025\/11\/P1268458-2-768x1024.jpg 768w, https:\/\/graindesail.com\/wp-content\/uploads\/2025\/11\/P1268458-2-225x300.jpg 225w, https:\/\/graindesail.com\/wp-content\/uploads\/2025\/11\/P1268458-2-1152x1536.jpg 1152w, https:\/\/graindesail.com\/wp-content\/uploads\/2025\/11\/P1268458-2-595xh.jpg 595w, https:\/\/graindesail.com\/wp-content\/uploads\/2025\/11\/P1268458-2-600x800.jpg 600w, https:\/\/graindesail.com\/wp-content\/uploads\/2025\/11\/P1268458-2.jpg 1536w\" data-sizes=\"(max-width: 768px) 100vw, 768px\" src=\"data:image\/svg+xml;base64,PHN2ZyB3aWR0aD0iMSIgaGVpZ2h0PSIxIiB4bWxucz0iaHR0cDovL3d3dy53My5vcmcvMjAwMC9zdmciPjwvc3ZnPg==\" style=\"--smush-placeholder-width: 768px; --smush-placeholder-aspect-ratio: 768\/1024;\" \/>\t\t\t\t\t\t\t\t\t\t\t\t\t\t\t<\/div>\n\t\t\t\t<\/div>\n\t\t\t\t\t<\/div>\n\t\t<\/div>\n\t\t\t\t<div class=\"elementor-column elementor-col-50 elementor-top-column elementor-element elementor-element-a3678bd\" data-id=\"a3678bd\" data-element_type=\"column\" data-e-type=\"column\">\n\t\t\t<div class=\"elementor-widget-wrap elementor-element-populated\">\n\t\t\t\t\t\t<div class=\"elementor-element elementor-element-6226e34 elementor-widget elementor-widget-heading\" data-id=\"6226e34\" data-element_type=\"widget\" data-e-type=\"widget\" data-widget_type=\"heading.default\">\n\t\t\t\t<div class=\"elementor-widget-container\">\n\t\t\t\t\t<h2 class=\"elementor-heading-title elementor-size-default\">Une collaboration 100% bretonne<\/h2>\t\t\t\t<\/div>\n\t\t\t\t<\/div>\n\t\t\t\t<div class=\"elementor-element elementor-element-f28fd33 elementor-widget elementor-widget-text-editor\" data-id=\"f28fd33\" data-element_type=\"widget\" data-e-type=\"widget\" data-widget_type=\"text-editor.default\">\n\t\t\t\t<div class=\"elementor-widget-container\">\n\t\t\t\t\t\t\t\t\t<p><span style=\"font-size: 1rem;\">Grain de Sail et Mousqueton partagent plus qu\u2019une origine : nous avons les m\u00eames valeurs.<\/span><\/p><p>L\u2019amour de la mer, le respect de l\u2019environnement et la volont\u00e9 de faire vivre un savoir-faire local.<br \/>Nos deux marques s\u2019appuient sur l\u2019humain, la passion et la Bretagne comme boussole.<\/p>\t\t\t\t\t\t\t\t<\/div>\n\t\t\t\t<\/div>\n\t\t\t\t\t<\/div>\n\t\t<\/div>\n\t\t\t\t\t<\/div>\n\t\t<\/section>\n\t\t\t\t<section class=\"elementor-section elementor-top-section elementor-element elementor-element-c0edc22 elementor-section-boxed elementor-section-height-default elementor-section-height-default\" data-id=\"c0edc22\" data-element_type=\"section\" data-e-type=\"section\">\n\t\t\t\t\t\t<div class=\"elementor-container elementor-column-gap-default\">\n\t\t\t\t\t<div class=\"elementor-column elementor-col-50 elementor-top-column elementor-element elementor-element-7eedfcf\" data-id=\"7eedfcf\" data-element_type=\"column\" data-e-type=\"column\">\n\t\t\t<div class=\"elementor-widget-wrap elementor-element-populated\">\n\t\t\t\t\t\t<div class=\"elementor-element elementor-element-bc2d642 elementor-widget elementor-widget-heading\" data-id=\"bc2d642\" data-element_type=\"widget\" data-e-type=\"widget\" data-widget_type=\"heading.default\">\n\t\t\t\t<div class=\"elementor-widget-container\">\n\t\t\t\t\t<h2 class=\"elementor-heading-title elementor-size-default\">Des v\u00eatements qui accompagnent nos marins dans leur aventure\n<\/h2>\t\t\t\t<\/div>\n\t\t\t\t<\/div>\n\t\t\t\t<div class=\"elementor-element elementor-element-cc383fd elementor-widget elementor-widget-text-editor\" data-id=\"cc383fd\" data-element_type=\"widget\" data-e-type=\"widget\" data-widget_type=\"text-editor.default\">\n\t\t\t\t<div class=\"elementor-widget-container\">\n\t\t\t\t\t\t\t\t\t<p>Sur le pont, chaque d\u00e9tail compte.<\/p><p>\u00a0Les\u00a0<strong>vareuses<\/strong>,\u00a0<strong>polaires<\/strong>,\u00a0<strong>marini\u00e8res<\/strong>\u00a0fournies par Mousqueton ont \u00e9t\u00e9 pens\u00e9es pour la vie en mer et \u00e0 terre ! Ces tenues repr\u00e9sentent\u00a0<strong>l\u2019esprit d\u2019\u00e9quipage<\/strong>\u00a0et la fiert\u00e9 de naviguer sous les couleurs de Grain de Sail.<\/p><p>\u00a0<\/p>\t\t\t\t\t\t\t\t<\/div>\n\t\t\t\t<\/div>\n\t\t\t\t\t<\/div>\n\t\t<\/div>\n\t\t\t\t<div class=\"elementor-column elementor-col-50 elementor-top-column elementor-element elementor-element-4c0a321\" data-id=\"4c0a321\" data-element_type=\"column\" data-e-type=\"column\">\n\t\t\t<div class=\"elementor-widget-wrap elementor-element-populated\">\n\t\t\t\t\t\t<div class=\"elementor-element elementor-element-d18e030 elementor-widget elementor-widget-image\" data-id=\"d18e030\" data-element_type=\"widget\" data-e-type=\"widget\" data-widget_type=\"image.default\">\n\t\t\t\t<div class=\"elementor-widget-container\">\n\t\t\t\t\t\t\t\t\t\t\t\t\t\t\t<img decoding=\"async\" width=\"800\" height=\"534\" data-src=\"https:\/\/graindesail.com\/wp-content\/uploads\/2025\/09\/724A2864-2-2-1024x683.jpg\" class=\"attachment-large size-large wp-image-22455 lazyload\" alt=\"GDS - Mousqueton - Pull rouge et bleu\" data-srcset=\"https:\/\/graindesail.com\/wp-content\/uploads\/2025\/09\/724A2864-2-2-1024x683.jpg 1024w, https:\/\/graindesail.com\/wp-content\/uploads\/2025\/09\/724A2864-2-2-300x200.jpg 300w, https:\/\/graindesail.com\/wp-content\/uploads\/2025\/09\/724A2864-2-2-768x512.jpg 768w, https:\/\/graindesail.com\/wp-content\/uploads\/2025\/09\/724A2864-2-2-1536x1024.jpg 1536w, https:\/\/graindesail.com\/wp-content\/uploads\/2025\/09\/724A2864-2-2-600x400.jpg 600w, https:\/\/graindesail.com\/wp-content\/uploads\/2025\/09\/724A2864-2-2.jpg 2048w\" data-sizes=\"(max-width: 800px) 100vw, 800px\" src=\"data:image\/svg+xml;base64,PHN2ZyB3aWR0aD0iMSIgaGVpZ2h0PSIxIiB4bWxucz0iaHR0cDovL3d3dy53My5vcmcvMjAwMC9zdmciPjwvc3ZnPg==\" style=\"--smush-placeholder-width: 800px; --smush-placeholder-aspect-ratio: 800\/534;\" \/>\t\t\t\t\t\t\t\t\t\t\t\t\t\t\t<\/div>\n\t\t\t\t<\/div>\n\t\t\t\t\t<\/div>\n\t\t<\/div>\n\t\t\t\t\t<\/div>\n\t\t<\/section>\n\t\t\t\t<section class=\"elementor-section elementor-top-section elementor-element elementor-element-87dafe9 elementor-section-boxed elementor-section-height-default elementor-section-height-default\" data-id=\"87dafe9\" data-element_type=\"section\" data-e-type=\"section\">\n\t\t\t\t\t\t<div class=\"elementor-container elementor-column-gap-default\">\n\t\t\t\t\t<div class=\"elementor-column elementor-col-100 elementor-top-column elementor-element elementor-element-4af67ac\" data-id=\"4af67ac\" data-element_type=\"column\" data-e-type=\"column\">\n\t\t\t<div class=\"elementor-widget-wrap elementor-element-populated\">\n\t\t\t\t\t\t<div class=\"elementor-element elementor-element-19a9752 elementor-widget elementor-widget-gallery\" data-id=\"19a9752\" data-element_type=\"widget\" data-e-type=\"widget\" data-settings=\"{&quot;columns&quot;:2,&quot;gap&quot;:{&quot;unit&quot;:&quot;px&quot;,&quot;size&quot;:0,&quot;sizes&quot;:[]},&quot;aspect_ratio&quot;:&quot;1:1&quot;,&quot;image_hover_animation&quot;:&quot;grow&quot;,&quot;lazyload&quot;:&quot;yes&quot;,&quot;gallery_layout&quot;:&quot;grid&quot;,&quot;columns_tablet&quot;:2,&quot;columns_mobile&quot;:1,&quot;gap_tablet&quot;:{&quot;unit&quot;:&quot;px&quot;,&quot;size&quot;:10,&quot;sizes&quot;:[]},&quot;gap_mobile&quot;:{&quot;unit&quot;:&quot;px&quot;,&quot;size&quot;:10,&quot;sizes&quot;:[]},&quot;link_to&quot;:&quot;file&quot;,&quot;content_hover_animation&quot;:&quot;fade-in&quot;}\" data-widget_type=\"gallery.default\">\n\t\t\t\t<div class=\"elementor-widget-container\">\n\t\t\t\t\t\t\t<div class=\"elementor-gallery__container\">\n\t\t\t\t\t\t\t<a class=\"e-gallery-item elementor-gallery-item elementor-animated-content\" href=\"https:\/\/graindesail.com\/wp-content\/uploads\/2025\/09\/724A2515-2-2.jpg\" data-elementor-open-lightbox=\"yes\" data-elementor-lightbox-slideshow=\"19a9752\" data-elementor-lightbox-title=\"GDS - Mousqueton - sur le bateau\" data-elementor-lightbox-description=\"GDS - Mousqueton - sur le bateau\" data-e-action-hash=\"#elementor-action%3Aaction%3Dlightbox%26settings%3DeyJpZCI6MjI0NjYsInVybCI6Imh0dHBzOlwvXC9ncmFpbmRlc2FpbC5jb21cL3dwLWNvbnRlbnRcL3VwbG9hZHNcLzIwMjVcLzA5XC83MjRBMjUxNS0yLTIuanBnIiwic2xpZGVzaG93IjoiMTlhOTc1MiJ9\">\n\t\t\t\t\t<div class=\"e-gallery-image elementor-gallery-item__image\" data-thumbnail=\"https:\/\/graindesail.com\/wp-content\/uploads\/2025\/09\/724A2515-2-2-1024x1536.jpg\" data-width=\"1024\" data-height=\"1536\" aria-label=\"GDS - Mousqueton - sur le bateau\" role=\"img\" ><\/div>\n\t\t\t\t\t\t\t\t\t\t\t\t\t\t<\/a>\n\t\t\t\t\t\t\t<a class=\"e-gallery-item elementor-gallery-item elementor-animated-content\" href=\"https:\/\/graindesail.com\/wp-content\/uploads\/2025\/09\/IMG_5548-2-2.jpg\" data-elementor-open-lightbox=\"yes\" data-elementor-lightbox-slideshow=\"19a9752\" data-elementor-lightbox-title=\"GDS - Mousqueton - Marin sur le pont du le bateau\" data-elementor-lightbox-description=\"GDS - Mousqueton - Marin sur le pont du le bateau\" data-e-action-hash=\"#elementor-action%3Aaction%3Dlightbox%26settings%3DeyJpZCI6MjI0NjIsInVybCI6Imh0dHBzOlwvXC9ncmFpbmRlc2FpbC5jb21cL3dwLWNvbnRlbnRcL3VwbG9hZHNcLzIwMjVcLzA5XC9JTUdfNTU0OC0yLTIuanBnIiwic2xpZGVzaG93IjoiMTlhOTc1MiJ9\">\n\t\t\t\t\t<div class=\"e-gallery-image elementor-gallery-item__image\" data-thumbnail=\"https:\/\/graindesail.com\/wp-content\/uploads\/2025\/09\/IMG_5548-2-2-1152x1536.jpg\" data-width=\"1152\" data-height=\"1536\" aria-label=\"GDS - Mousqueton - Marin sur le pont du le bateau\" role=\"img\" ><\/div>\n\t\t\t\t\t\t\t\t\t\t\t\t\t\t<\/a>\n\t\t\t\t\t\t\t<a class=\"e-gallery-item elementor-gallery-item elementor-animated-content\" href=\"https:\/\/graindesail.com\/wp-content\/uploads\/2025\/09\/IMG_5542-2-2-2.jpg\" data-elementor-open-lightbox=\"yes\" data-elementor-lightbox-slideshow=\"19a9752\" data-elementor-lightbox-title=\"GDS - Mousqueton - Marin sur le pont du le bateau (2)\" data-elementor-lightbox-description=\"GDS - Mousqueton - Marin sur le pont du le bateau (2)\" data-e-action-hash=\"#elementor-action%3Aaction%3Dlightbox%26settings%3DeyJpZCI6MjI0NjAsInVybCI6Imh0dHBzOlwvXC9ncmFpbmRlc2FpbC5jb21cL3dwLWNvbnRlbnRcL3VwbG9hZHNcLzIwMjVcLzA5XC9JTUdfNTU0Mi0yLTItMi5qcGciLCJzbGlkZXNob3ciOiIxOWE5NzUyIn0%3D\">\n\t\t\t\t\t<div class=\"e-gallery-image elementor-gallery-item__image\" data-thumbnail=\"https:\/\/graindesail.com\/wp-content\/uploads\/2025\/09\/IMG_5542-2-2-2-1152x1536.jpg\" data-width=\"1152\" data-height=\"1536\" aria-label=\"GDS - Mousqueton - Marin sur le pont du le bateau (2)\" role=\"img\" ><\/div>\n\t\t\t\t\t\t\t\t\t\t\t\t\t\t<\/a>\n\t\t\t\t\t\t\t<a class=\"e-gallery-item elementor-gallery-item elementor-animated-content\" href=\"https:\/\/graindesail.com\/wp-content\/uploads\/2025\/09\/IMG_5815-2-2.jpg\" data-elementor-open-lightbox=\"yes\" data-elementor-lightbox-slideshow=\"19a9752\" data-elementor-lightbox-title=\"GDS - Mousqueton - Marin grimpant au m\u00e2t\" data-elementor-lightbox-description=\"GDS - Mousqueton - Marin grimpant au m\u00e2t \" data-e-action-hash=\"#elementor-action%3Aaction%3Dlightbox%26settings%3DeyJpZCI6MjI0NjQsInVybCI6Imh0dHBzOlwvXC9ncmFpbmRlc2FpbC5jb21cL3dwLWNvbnRlbnRcL3VwbG9hZHNcLzIwMjVcLzA5XC9JTUdfNTgxNS0yLTIuanBnIiwic2xpZGVzaG93IjoiMTlhOTc1MiJ9\">\n\t\t\t\t\t<div class=\"e-gallery-image elementor-gallery-item__image\" data-thumbnail=\"https:\/\/graindesail.com\/wp-content\/uploads\/2025\/09\/IMG_5815-2-2-1152x1536.jpg\" data-width=\"1152\" data-height=\"1536\" aria-label=\"GDS - Mousqueton - Marin grimpant au m\u00e2t\" role=\"img\" ><\/div>\n\t\t\t\t\t\t\t\t\t\t\t\t\t\t<\/a>\n\t\t\t\t\t\t\t<a class=\"e-gallery-item elementor-gallery-item elementor-animated-content\" href=\"https:\/\/graindesail.com\/wp-content\/uploads\/2025\/09\/724A2634-2-2.jpg\" data-elementor-open-lightbox=\"yes\" data-elementor-lightbox-slideshow=\"19a9752\" data-elementor-lightbox-title=\"GDS - Mousqueton - Marin montant sur le bateau\" data-elementor-lightbox-description=\"GDS - Mousqueton - Marin montant sur le bateau\" data-e-action-hash=\"#elementor-action%3Aaction%3Dlightbox%26settings%3DeyJpZCI6MjI0NTgsInVybCI6Imh0dHBzOlwvXC9ncmFpbmRlc2FpbC5jb21cL3dwLWNvbnRlbnRcL3VwbG9hZHNcLzIwMjVcLzA5XC83MjRBMjYzNC0yLTIuanBnIiwic2xpZGVzaG93IjoiMTlhOTc1MiJ9\">\n\t\t\t\t\t<div class=\"e-gallery-image elementor-gallery-item__image\" data-thumbnail=\"https:\/\/graindesail.com\/wp-content\/uploads\/2025\/09\/724A2634-2-2-1024x1536.jpg\" data-width=\"1024\" data-height=\"1536\" aria-label=\"GDS - Mousqueton - Marin montant sur le bateau\" role=\"img\" ><\/div>\n\t\t\t\t\t\t\t\t\t\t\t\t\t\t<\/a>\n\t\t\t\t\t\t\t<a class=\"e-gallery-item elementor-gallery-item elementor-animated-content\" href=\"https:\/\/graindesail.com\/wp-content\/uploads\/2025\/09\/P1671798-2-2.jpg\" data-elementor-open-lightbox=\"yes\" data-elementor-lightbox-slideshow=\"19a9752\" data-elementor-lightbox-title=\"GDS - Mousqueton - D\u00e9chargement sur Grain de Sail 2.\" data-elementor-lightbox-description=\"GDS - Mousqueton - D\u00e9chargement sur Grain de Sail 2.\" data-e-action-hash=\"#elementor-action%3Aaction%3Dlightbox%26settings%3DeyJpZCI6MjI0NjgsInVybCI6Imh0dHBzOlwvXC9ncmFpbmRlc2FpbC5jb21cL3dwLWNvbnRlbnRcL3VwbG9hZHNcLzIwMjVcLzA5XC9QMTY3MTc5OC0yLTIuanBnIiwic2xpZGVzaG93IjoiMTlhOTc1MiJ9\">\n\t\t\t\t\t<div class=\"e-gallery-image elementor-gallery-item__image\" data-thumbnail=\"https:\/\/graindesail.com\/wp-content\/uploads\/2025\/09\/P1671798-2-2-1152x1536.jpg\" data-width=\"1152\" data-height=\"1536\" aria-label=\"GDS - Mousqueton - D\u00e9chargement sur Grain de Sail 2.\" role=\"img\" ><\/div>\n\t\t\t\t\t\t\t\t\t\t\t\t\t\t<\/a>\n\t\t\t\t\t<\/div>\n\t\t\t\t\t<\/div>\n\t\t\t\t<\/div>\n\t\t\t\t\t<\/div>\n\t\t<\/div>\n\t\t\t\t\t<\/div>\n\t\t<\/section>\n\t\t\t\t<\/div>\n\t\t","protected":false},"excerpt":{"rendered":"<p>Embarquez avec Mousqueton et Grain de Sail ! Des tenues marines pour les marins du Grain de Sail 2 Pour affronter le vent, les embruns et les longues travers\u00e9es de l\u2019Atlantique, notre \u00e9quipage du\u00a0Grain de Sail 2\u00a0devait \u00eatre bien \u00e9quip\u00e9. Et quand deux marques bretonnes qui partagent le m\u00eame go\u00fbt du large et les m\u00eames [&hellip;]<\/p>\n","protected":false},"author":25523,"featured_media":18875,"comment_status":"closed","ping_status":"open","sticky":false,"template":"elementor_header_footer","format":"standard","meta":{"_acf_changed":false,"footnotes":""},"categories":[243],"tags":[],"class_list":["post-18873","post","type-post","status-publish","format-standard","has-post-thumbnail","hentry","category-actualites-globales"],"acf":[],"yoast_head":"<!-- This site is optimized with the Yoast SEO plugin v25.5 - https:\/\/yoast.com\/wordpress\/plugins\/seo\/ -->\n<title>Embarquez avec Mousqueton et Grain de Sail ! - GDS<\/title>\n<meta name=\"robots\" content=\"index, follow, max-snippet:-1, max-image-preview:large, max-video-preview:-1\" \/>\n<link rel=\"canonical\" href=\"https:\/\/graindesail.com\/fr\/embarquez-avec-mousqueton-et-grain-de-sail\/\" \/>\n<meta property=\"og:locale\" content=\"fr_FR\" \/>\n<meta property=\"og:type\" content=\"article\" \/>\n<meta property=\"og:title\" content=\"Embarquez avec Mousqueton et Grain de Sail ! - GDS\" \/>\n<meta property=\"og:description\" content=\"Embarquez avec Mousqueton et Grain de Sail ! Des tenues marines pour les marins du Grain de Sail 2 Pour affronter le vent, les embruns et les longues travers\u00e9es de l\u2019Atlantique, notre \u00e9quipage du\u00a0Grain de Sail 2\u00a0devait \u00eatre bien \u00e9quip\u00e9. Et quand deux marques bretonnes qui partagent le m\u00eame go\u00fbt du large et les m\u00eames [&hellip;]\" \/>\n<meta property=\"og:url\" content=\"https:\/\/graindesail.com\/fr\/embarquez-avec-mousqueton-et-grain-de-sail\/\" \/>\n<meta property=\"og:site_name\" content=\"GDS\" \/>\n<meta property=\"article:published_time\" content=\"2025-09-01T13:25:09+00:00\" \/>\n<meta property=\"article:modified_time\" content=\"2026-01-06T08:26:33+00:00\" \/>\n<meta property=\"og:image\" content=\"https:\/\/graindesail.com\/wp-content\/uploads\/2025\/11\/IMG_6743-2.jpg\" \/>\n\t<meta property=\"og:image:width\" content=\"1536\" \/>\n\t<meta property=\"og:image:height\" content=\"2048\" \/>\n\t<meta property=\"og:image:type\" content=\"image\/jpeg\" \/>\n<meta name=\"author\" content=\"Juliette Guillerm\" \/>\n<meta name=\"twitter:card\" content=\"summary_large_image\" \/>\n<meta name=\"twitter:label1\" content=\"\u00c9crit par\" \/>\n\t<meta name=\"twitter:data1\" content=\"Juliette Guillerm\" \/>\n\t<meta name=\"twitter:label2\" content=\"Dur\u00e9e de lecture estim\u00e9e\" \/>\n\t<meta name=\"twitter:data2\" content=\"2 minutes\" \/>\n<script type=\"application\/ld+json\" class=\"yoast-schema-graph\">{\"@context\":\"https:\/\/schema.org\",\"@graph\":[{\"@type\":\"Article\",\"@id\":\"https:\/\/graindesail.com\/fr\/embarquez-avec-mousqueton-et-grain-de-sail\/#article\",\"isPartOf\":{\"@id\":\"https:\/\/graindesail.com\/fr\/embarquez-avec-mousqueton-et-grain-de-sail\/\"},\"author\":{\"name\":\"Juliette Guillerm\",\"@id\":\"https:\/\/graindesail.com\/fr\/#\/schema\/person\/81ad74077c56a093645620521b41f586\"},\"headline\":\"Embarquez avec Mousqueton et Grain de Sail !\",\"datePublished\":\"2025-09-01T13:25:09+00:00\",\"dateModified\":\"2026-01-06T08:26:33+00:00\",\"mainEntityOfPage\":{\"@id\":\"https:\/\/graindesail.com\/fr\/embarquez-avec-mousqueton-et-grain-de-sail\/\"},\"wordCount\":216,\"publisher\":{\"@id\":\"https:\/\/graindesail.com\/fr\/#organization\"},\"image\":{\"@id\":\"https:\/\/graindesail.com\/fr\/embarquez-avec-mousqueton-et-grain-de-sail\/#primaryimage\"},\"thumbnailUrl\":\"https:\/\/graindesail.com\/wp-content\/uploads\/2025\/11\/IMG_6743-2.jpg\",\"articleSection\":[\"Actualit\u00e9s globales\"],\"inLanguage\":\"fr-FR\"},{\"@type\":\"WebPage\",\"@id\":\"https:\/\/graindesail.com\/fr\/embarquez-avec-mousqueton-et-grain-de-sail\/\",\"url\":\"https:\/\/graindesail.com\/fr\/embarquez-avec-mousqueton-et-grain-de-sail\/\",\"name\":\"Embarquez avec Mousqueton et Grain de Sail ! - GDS\",\"isPartOf\":{\"@id\":\"https:\/\/graindesail.com\/fr\/#website\"},\"primaryImageOfPage\":{\"@id\":\"https:\/\/graindesail.com\/fr\/embarquez-avec-mousqueton-et-grain-de-sail\/#primaryimage\"},\"image\":{\"@id\":\"https:\/\/graindesail.com\/fr\/embarquez-avec-mousqueton-et-grain-de-sail\/#primaryimage\"},\"thumbnailUrl\":\"https:\/\/graindesail.com\/wp-content\/uploads\/2025\/11\/IMG_6743-2.jpg\",\"datePublished\":\"2025-09-01T13:25:09+00:00\",\"dateModified\":\"2026-01-06T08:26:33+00:00\",\"breadcrumb\":{\"@id\":\"https:\/\/graindesail.com\/fr\/embarquez-avec-mousqueton-et-grain-de-sail\/#breadcrumb\"},\"inLanguage\":\"fr-FR\",\"potentialAction\":[{\"@type\":\"ReadAction\",\"target\":[\"https:\/\/graindesail.com\/fr\/embarquez-avec-mousqueton-et-grain-de-sail\/\"]}]},{\"@type\":\"ImageObject\",\"inLanguage\":\"fr-FR\",\"@id\":\"https:\/\/graindesail.com\/fr\/embarquez-avec-mousqueton-et-grain-de-sail\/#primaryimage\",\"url\":\"https:\/\/graindesail.com\/wp-content\/uploads\/2025\/11\/IMG_6743-2.jpg\",\"contentUrl\":\"https:\/\/graindesail.com\/wp-content\/uploads\/2025\/11\/IMG_6743-2.jpg\",\"width\":1536,\"height\":2048,\"caption\":\"GDS - Mousqueton - Regard dans les jumelles\"},{\"@type\":\"BreadcrumbList\",\"@id\":\"https:\/\/graindesail.com\/fr\/embarquez-avec-mousqueton-et-grain-de-sail\/#breadcrumb\",\"itemListElement\":[{\"@type\":\"ListItem\",\"position\":1,\"name\":\"Home\",\"item\":\"https:\/\/graindesail.com\/fr\/\"},{\"@type\":\"ListItem\",\"position\":2,\"name\":\"Embarquez avec Mousqueton et Grain de Sail !\"}]},{\"@type\":\"WebSite\",\"@id\":\"https:\/\/graindesail.com\/fr\/#website\",\"url\":\"https:\/\/graindesail.com\/fr\/\",\"name\":\"GDS\",\"description\":\"\",\"publisher\":{\"@id\":\"https:\/\/graindesail.com\/fr\/#organization\"},\"potentialAction\":[{\"@type\":\"SearchAction\",\"target\":{\"@type\":\"EntryPoint\",\"urlTemplate\":\"https:\/\/graindesail.com\/fr\/?s={search_term_string}\"},\"query-input\":{\"@type\":\"PropertyValueSpecification\",\"valueRequired\":true,\"valueName\":\"search_term_string\"}}],\"inLanguage\":\"fr-FR\"},{\"@type\":\"Organization\",\"@id\":\"https:\/\/graindesail.com\/fr\/#organization\",\"name\":\"GDS\",\"url\":\"https:\/\/graindesail.com\/fr\/\",\"logo\":{\"@type\":\"ImageObject\",\"inLanguage\":\"fr-FR\",\"@id\":\"https:\/\/graindesail.com\/fr\/#\/schema\/logo\/image\/\",\"url\":\"https:\/\/graindesail.com\/wp-content\/uploads\/2024\/12\/logo.svg\",\"contentUrl\":\"https:\/\/graindesail.com\/wp-content\/uploads\/2024\/12\/logo.svg\",\"width\":82,\"height\":130,\"caption\":\"GDS\"},\"image\":{\"@id\":\"https:\/\/graindesail.com\/fr\/#\/schema\/logo\/image\/\"}},{\"@type\":\"Person\",\"@id\":\"https:\/\/graindesail.com\/fr\/#\/schema\/person\/81ad74077c56a093645620521b41f586\",\"name\":\"Juliette Guillerm\",\"image\":{\"@type\":\"ImageObject\",\"inLanguage\":\"fr-FR\",\"@id\":\"https:\/\/graindesail.com\/fr\/#\/schema\/person\/image\/\",\"url\":\"https:\/\/secure.gravatar.com\/avatar\/b0eaa8db4f693694a59fd93086e5b89dde662f34dda77accfa769695671d3e1b?s=96&d=mm&r=g\",\"contentUrl\":\"https:\/\/secure.gravatar.com\/avatar\/b0eaa8db4f693694a59fd93086e5b89dde662f34dda77accfa769695671d3e1b?s=96&d=mm&r=g\",\"caption\":\"Juliette Guillerm\"},\"url\":\"https:\/\/graindesail.com\/fr\/author\/juliette-guillerm\/\"}]}<\/script>\n<!-- \/ Yoast SEO plugin. -->","yoast_head_json":{"title":"Embarquez avec Mousqueton et Grain de Sail ! - GDS","robots":{"index":"index","follow":"follow","max-snippet":"max-snippet:-1","max-image-preview":"max-image-preview:large","max-video-preview":"max-video-preview:-1"},"canonical":"https:\/\/graindesail.com\/fr\/embarquez-avec-mousqueton-et-grain-de-sail\/","og_locale":"fr_FR","og_type":"article","og_title":"Embarquez avec Mousqueton et Grain de Sail ! - GDS","og_description":"Embarquez avec Mousqueton et Grain de Sail ! Des tenues marines pour les marins du Grain de Sail 2 Pour affronter le vent, les embruns et les longues travers\u00e9es de l\u2019Atlantique, notre \u00e9quipage du\u00a0Grain de Sail 2\u00a0devait \u00eatre bien \u00e9quip\u00e9. Et quand deux marques bretonnes qui partagent le m\u00eame go\u00fbt du large et les m\u00eames [&hellip;]","og_url":"https:\/\/graindesail.com\/fr\/embarquez-avec-mousqueton-et-grain-de-sail\/","og_site_name":"GDS","article_published_time":"2025-09-01T13:25:09+00:00","article_modified_time":"2026-01-06T08:26:33+00:00","og_image":[{"width":1536,"height":2048,"url":"https:\/\/graindesail.com\/wp-content\/uploads\/2025\/11\/IMG_6743-2.jpg","type":"image\/jpeg"}],"author":"Juliette Guillerm","twitter_card":"summary_large_image","twitter_misc":{"\u00c9crit par":"Juliette Guillerm","Dur\u00e9e de lecture estim\u00e9e":"2 minutes"},"schema":{"@context":"https:\/\/schema.org","@graph":[{"@type":"Article","@id":"https:\/\/graindesail.com\/fr\/embarquez-avec-mousqueton-et-grain-de-sail\/#article","isPartOf":{"@id":"https:\/\/graindesail.com\/fr\/embarquez-avec-mousqueton-et-grain-de-sail\/"},"author":{"name":"Juliette Guillerm","@id":"https:\/\/graindesail.com\/fr\/#\/schema\/person\/81ad74077c56a093645620521b41f586"},"headline":"Embarquez avec Mousqueton et Grain de Sail !","datePublished":"2025-09-01T13:25:09+00:00","dateModified":"2026-01-06T08:26:33+00:00","mainEntityOfPage":{"@id":"https:\/\/graindesail.com\/fr\/embarquez-avec-mousqueton-et-grain-de-sail\/"},"wordCount":216,"publisher":{"@id":"https:\/\/graindesail.com\/fr\/#organization"},"image":{"@id":"https:\/\/graindesail.com\/fr\/embarquez-avec-mousqueton-et-grain-de-sail\/#primaryimage"},"thumbnailUrl":"https:\/\/graindesail.com\/wp-content\/uploads\/2025\/11\/IMG_6743-2.jpg","articleSection":["Actualit\u00e9s globales"],"inLanguage":"fr-FR"},{"@type":"WebPage","@id":"https:\/\/graindesail.com\/fr\/embarquez-avec-mousqueton-et-grain-de-sail\/","url":"https:\/\/graindesail.com\/fr\/embarquez-avec-mousqueton-et-grain-de-sail\/","name":"Embarquez avec Mousqueton et Grain de Sail ! - GDS","isPartOf":{"@id":"https:\/\/graindesail.com\/fr\/#website"},"primaryImageOfPage":{"@id":"https:\/\/graindesail.com\/fr\/embarquez-avec-mousqueton-et-grain-de-sail\/#primaryimage"},"image":{"@id":"https:\/\/graindesail.com\/fr\/embarquez-avec-mousqueton-et-grain-de-sail\/#primaryimage"},"thumbnailUrl":"https:\/\/graindesail.com\/wp-content\/uploads\/2025\/11\/IMG_6743-2.jpg","datePublished":"2025-09-01T13:25:09+00:00","dateModified":"2026-01-06T08:26:33+00:00","breadcrumb":{"@id":"https:\/\/graindesail.com\/fr\/embarquez-avec-mousqueton-et-grain-de-sail\/#breadcrumb"},"inLanguage":"fr-FR","potentialAction":[{"@type":"ReadAction","target":["https:\/\/graindesail.com\/fr\/embarquez-avec-mousqueton-et-grain-de-sail\/"]}]},{"@type":"ImageObject","inLanguage":"fr-FR","@id":"https:\/\/graindesail.com\/fr\/embarquez-avec-mousqueton-et-grain-de-sail\/#primaryimage","url":"https:\/\/graindesail.com\/wp-content\/uploads\/2025\/11\/IMG_6743-2.jpg","contentUrl":"https:\/\/graindesail.com\/wp-content\/uploads\/2025\/11\/IMG_6743-2.jpg","width":1536,"height":2048,"caption":"GDS - Mousqueton - Regard dans les jumelles"},{"@type":"BreadcrumbList","@id":"https:\/\/graindesail.com\/fr\/embarquez-avec-mousqueton-et-grain-de-sail\/#breadcrumb","itemListElement":[{"@type":"ListItem","position":1,"name":"Home","item":"https:\/\/graindesail.com\/fr\/"},{"@type":"ListItem","position":2,"name":"Embarquez avec Mousqueton et Grain de Sail !"}]},{"@type":"WebSite","@id":"https:\/\/graindesail.com\/fr\/#website","url":"https:\/\/graindesail.com\/fr\/","name":"GDS","description":"","publisher":{"@id":"https:\/\/graindesail.com\/fr\/#organization"},"potentialAction":[{"@type":"SearchAction","target":{"@type":"EntryPoint","urlTemplate":"https:\/\/graindesail.com\/fr\/?s={search_term_string}"},"query-input":{"@type":"PropertyValueSpecification","valueRequired":true,"valueName":"search_term_string"}}],"inLanguage":"fr-FR"},{"@type":"Organization","@id":"https:\/\/graindesail.com\/fr\/#organization","name":"GDS","url":"https:\/\/graindesail.com\/fr\/","logo":{"@type":"ImageObject","inLanguage":"fr-FR","@id":"https:\/\/graindesail.com\/fr\/#\/schema\/logo\/image\/","url":"https:\/\/graindesail.com\/wp-content\/uploads\/2024\/12\/logo.svg","contentUrl":"https:\/\/graindesail.com\/wp-content\/uploads\/2024\/12\/logo.svg","width":82,"height":130,"caption":"GDS"},"image":{"@id":"https:\/\/graindesail.com\/fr\/#\/schema\/logo\/image\/"}},{"@type":"Person","@id":"https:\/\/graindesail.com\/fr\/#\/schema\/person\/81ad74077c56a093645620521b41f586","name":"Juliette Guillerm","image":{"@type":"ImageObject","inLanguage":"fr-FR","@id":"https:\/\/graindesail.com\/fr\/#\/schema\/person\/image\/","url":"https:\/\/secure.gravatar.com\/avatar\/b0eaa8db4f693694a59fd93086e5b89dde662f34dda77accfa769695671d3e1b?s=96&d=mm&r=g","contentUrl":"https:\/\/secure.gravatar.com\/avatar\/b0eaa8db4f693694a59fd93086e5b89dde662f34dda77accfa769695671d3e1b?s=96&d=mm&r=g","caption":"Juliette Guillerm"},"url":"https:\/\/graindesail.com\/fr\/author\/juliette-guillerm\/"}]}},"_links":{"self":[{"href":"https:\/\/graindesail.com\/fr\/wp-json\/wp\/v2\/posts\/18873","targetHints":{"allow":["GET"]}}],"collection":[{"href":"https:\/\/graindesail.com\/fr\/wp-json\/wp\/v2\/posts"}],"about":[{"href":"https:\/\/graindesail.com\/fr\/wp-json\/wp\/v2\/types\/post"}],"author":[{"embeddable":true,"href":"https:\/\/graindesail.com\/fr\/wp-json\/wp\/v2\/users\/25523"}],"replies":[{"embeddable":true,"href":"https:\/\/graindesail.com\/fr\/wp-json\/wp\/v2\/comments?post=18873"}],"version-history":[{"count":0,"href":"https:\/\/graindesail.com\/fr\/wp-json\/wp\/v2\/posts\/18873\/revisions"}],"wp:featuredmedia":[{"embeddable":true,"href":"https:\/\/graindesail.com\/fr\/wp-json\/wp\/v2\/media\/18875"}],"wp:attachment":[{"href":"https:\/\/graindesail.com\/fr\/wp-json\/wp\/v2\/media?parent=18873"}],"wp:term":[{"taxonomy":"category","embeddable":true,"href":"https:\/\/graindesail.com\/fr\/wp-json\/wp\/v2\/categories?post=18873"},{"taxonomy":"post_tag","embeddable":true,"href":"https:\/\/graindesail.com\/fr\/wp-json\/wp\/v2\/tags?post=18873"}],"curies":[{"name":"wp","href":"https:\/\/api.w.org\/{rel}","templated":true}]}}