{"id":18723,"date":"2025-11-12T08:30:23","date_gmt":"2025-11-12T08:30:23","guid":{"rendered":"https:\/\/graindesail.com\/?p=18723"},"modified":"2026-01-22T13:29:55","modified_gmt":"2026-01-22T13:29:55","slug":"grain-de-sail-boucle-une-augmentation-de-capital-avec-un-collectif-dinvestisseurs-bretons-et-francais","status":"publish","type":"post","link":"https:\/\/graindesail.com\/fr\/grain-de-sail-boucle-une-augmentation-de-capital-avec-un-collectif-dinvestisseurs-bretons-et-francais\/","title":{"rendered":"Grain de Sail boucle une augmentation de capital avec un collectif d\u2019investisseurs bretons et fran\u00e7ais"},"content":{"rendered":"\t\t<div data-elementor-type=\"wp-post\" data-elementor-id=\"18723\" class=\"elementor elementor-18723\" data-elementor-post-type=\"post\">\n\t\t\t\t\t\t<section class=\"elementor-section elementor-top-section elementor-element elementor-element-30bfdf5 elementor-section-boxed elementor-section-height-default elementor-section-height-default\" data-id=\"30bfdf5\" data-element_type=\"section\" data-e-type=\"section\">\n\t\t\t\t\t\t<div class=\"elementor-container elementor-column-gap-default\">\n\t\t\t\t\t<div class=\"elementor-column elementor-col-100 elementor-top-column elementor-element elementor-element-33fab18\" data-id=\"33fab18\" data-element_type=\"column\" data-e-type=\"column\">\n\t\t\t<div class=\"elementor-widget-wrap elementor-element-populated\">\n\t\t\t\t\t\t<div class=\"elementor-element elementor-element-8a6b83f elementor-widget elementor-widget-text-editor\" data-id=\"8a6b83f\" data-element_type=\"widget\" data-e-type=\"widget\" data-widget_type=\"text-editor.default\">\n\t\t\t\t<div class=\"elementor-widget-container\">\n\t\t\t\t\t\t\t\t\t<p><em>Le groupe Grain de Sail, leader fran\u00e7ais du caf\u00e9 et du chocolat bio et pr\u00e9curseur du transport de marchandises \u00e0 la voile, annonce une nouvelle ouverture de son capital \u00e0 un collectif d\u2019investisseurs, emmen\u00e9s par GO Capital et Bpifrance, pour accompagner la tr\u00e8s forte croissance de ses activit\u00e9s. Cette augmentation de capital permettra le financement de projets tels que la construction du voilier-cargo Grain de Sail III et d\u2019une unit\u00e9 de production \u00e0 Dunkerque.<\/em><\/p>\t\t\t\t\t\t\t\t<\/div>\n\t\t\t\t<\/div>\n\t\t\t\t\t<\/div>\n\t\t<\/div>\n\t\t\t\t\t<\/div>\n\t\t<\/section>\n\t\t\t\t<section class=\"elementor-section elementor-top-section elementor-element elementor-element-234c6d0 elementor-section-boxed elementor-section-height-default elementor-section-height-default\" data-id=\"234c6d0\" data-element_type=\"section\" data-e-type=\"section\">\n\t\t\t\t\t\t<div class=\"elementor-container elementor-column-gap-default\">\n\t\t\t\t\t<div class=\"elementor-column elementor-col-100 elementor-top-column elementor-element elementor-element-c74c018\" data-id=\"c74c018\" data-element_type=\"column\" data-e-type=\"column\">\n\t\t\t<div class=\"elementor-widget-wrap elementor-element-populated\">\n\t\t\t\t\t\t<div class=\"elementor-element elementor-element-2658283 elementor-widget elementor-widget-image\" data-id=\"2658283\" data-element_type=\"widget\" data-e-type=\"widget\" data-widget_type=\"image.default\">\n\t\t\t\t<div class=\"elementor-widget-container\">\n\t\t\t\t\t\t\t\t\t\t\t\t\t\t\t<img fetchpriority=\"high\" decoding=\"async\" width=\"800\" height=\"600\" src=\"https:\/\/graindesail.com\/wp-content\/uploads\/2025\/11\/20251028-signature-levee-de-fonds-gds-BD-1024x768.jpg\" class=\"attachment-large size-large wp-image-18725\" alt=\"Signature lev\u00e9e de fonds - Photo de groupe\" srcset=\"https:\/\/graindesail.com\/wp-content\/uploads\/2025\/11\/20251028-signature-levee-de-fonds-gds-BD-1024x768.jpg 1024w, https:\/\/graindesail.com\/wp-content\/uploads\/2025\/11\/20251028-signature-levee-de-fonds-gds-BD-300x225.jpg 300w, https:\/\/graindesail.com\/wp-content\/uploads\/2025\/11\/20251028-signature-levee-de-fonds-gds-BD-768x576.jpg 768w, https:\/\/graindesail.com\/wp-content\/uploads\/2025\/11\/20251028-signature-levee-de-fonds-gds-BD-1536x1152.jpg 1536w, https:\/\/graindesail.com\/wp-content\/uploads\/2025\/11\/20251028-signature-levee-de-fonds-gds-BD-600x450.jpg 600w, https:\/\/graindesail.com\/wp-content\/uploads\/2025\/11\/20251028-signature-levee-de-fonds-gds-BD.jpg 2048w\" sizes=\"(max-width: 800px) 100vw, 800px\" \/>\t\t\t\t\t\t\t\t\t\t\t\t\t\t\t<\/div>\n\t\t\t\t<\/div>\n\t\t\t\t\t<\/div>\n\t\t<\/div>\n\t\t\t\t\t<\/div>\n\t\t<\/section>\n\t\t\t\t<section class=\"elementor-section elementor-top-section elementor-element elementor-element-cca3816 elementor-section-boxed elementor-section-height-default elementor-section-height-default\" data-id=\"cca3816\" data-element_type=\"section\" data-e-type=\"section\">\n\t\t\t\t\t\t<div class=\"elementor-container elementor-column-gap-default\">\n\t\t\t\t\t<div class=\"elementor-column elementor-col-100 elementor-top-column elementor-element elementor-element-1c2682a\" data-id=\"1c2682a\" data-element_type=\"column\" data-e-type=\"column\">\n\t\t\t<div class=\"elementor-widget-wrap elementor-element-populated\">\n\t\t\t\t\t\t<div class=\"elementor-element elementor-element-99adf7f elementor-widget elementor-widget-text-editor\" data-id=\"99adf7f\" data-element_type=\"widget\" data-e-type=\"widget\" data-widget_type=\"text-editor.default\">\n\t\t\t\t<div class=\"elementor-widget-container\">\n\t\t\t\t\t\t\t\t\t<p class=\"has-text-align-center has-small-font-size\">De gauche \u00e0 droite : <br \/>Maximilien Benejams &#8211; <strong>Bpifrance<\/strong> ; Francois Fauvin &#8211; <strong>GO Capital<\/strong> <em>(derri\u00e8re)<\/em> ; Jean-Marie Fougeray &#8211; <strong>Bpifrance<\/strong> ; Fr\u00e9d\u00e9ric Le Guillou &#8211; <strong>GO Capital<\/strong> ; Philippe Renaudin &#8211; <strong>Mer Invest<\/strong> ; Olivier Barreau &#8211; <strong>Grain de Sail<\/strong> ; Lo\u00efc Briand &#8211; <strong>Grain de Sail<\/strong> ; Jacques Barreau &#8211; <strong>Grain de Sail <\/strong>; Yohann Floc\u2019h &#8211; <strong>H\u00e9lix<\/strong> ; Christian Fr\u00e9maux &#8211; <strong>Normandie Littoral<\/strong> ; Damien Jouanneau &#8211; <strong>GO Capital<\/strong><br \/><em>Absent : Rapha\u00ebl Coche, Domaine Coche-Dury<\/em><\/p>\t\t\t\t\t\t\t\t<\/div>\n\t\t\t\t<\/div>\n\t\t\t\t\t<\/div>\n\t\t<\/div>\n\t\t\t\t\t<\/div>\n\t\t<\/section>\n\t\t\t\t<section class=\"elementor-section elementor-top-section elementor-element elementor-element-5d97faf elementor-section-boxed elementor-section-height-default elementor-section-height-default\" data-id=\"5d97faf\" data-element_type=\"section\" data-e-type=\"section\">\n\t\t\t\t\t\t<div class=\"elementor-container elementor-column-gap-default\">\n\t\t\t\t\t<div class=\"elementor-column elementor-col-100 elementor-top-column elementor-element elementor-element-2291f9b\" data-id=\"2291f9b\" data-element_type=\"column\" data-e-type=\"column\">\n\t\t\t<div class=\"elementor-widget-wrap elementor-element-populated\">\n\t\t\t\t\t\t<div class=\"elementor-element elementor-element-0cf42b9 elementor-widget elementor-widget-text-editor\" data-id=\"0cf42b9\" data-element_type=\"widget\" data-e-type=\"widget\" data-widget_type=\"text-editor.default\">\n\t\t\t\t<div class=\"elementor-widget-container\">\n\t\t\t\t\t\t\t\t\t<p>Depuis sa cr\u00e9ation en 2012 par les fr\u00e8res Olivier et Jacques Barreau, <a href=\"https:\/\/graindesail.com\/fr\/notre-entreprise\/\">Grain de Sail<\/a>, bas\u00e9 \u00e0 Morlaix, a d\u00e9montr\u00e9 la viabilit\u00e9 de son mod\u00e8le d\u2019entreprise atypique autour de ses activit\u00e9s agroalimentaires (fabrication de chocolats,torr\u00e9faction de caf\u00e9, \u00e9laboration de rhums) et de<a href=\"https:\/\/graindesail-logistics.com\"> transport maritime d\u00e9carbon\u00e9<\/a> (en tant qu\u2019armateur et commissionnaire de transport). <br \/>En seulement quelques ann\u00e9es Grain de Sail a su cr\u00e9er une marque tr\u00e8s puissante port\u00e9e par le projet de d\u00e9carbonation du transport maritime, qui lui a permis de conqu\u00e9rir une position de leader en grande distribution sur le segment des chocolats et caf\u00e9s bio. <br \/>Fort d\u2019une croissance annuelle sup\u00e9rieure \u00e0 20%, le groupe se renforce pour financer son d\u00e9veloppement et pr\u00e9parer la construction d\u2019<a href=\"https:\/\/lemarin.ouest-france.fr\/shipping\/ports-de-commerce\/grain-de-sail-demarrera-les-travaux-de-sa-chocolaterie-a-dunkerque-mi-2025-f0bb519c-1e9c-11ef-9302-e3fef0044a0c\">une nouvelle usine \u00e0 Dunkerque<\/a> et l\u2019arriv\u00e9e de nouveaux voiliers cargos d\u2019une longueur de plus de 100 m\u00e8tres.<\/p>\t\t\t\t\t\t\t\t<\/div>\n\t\t\t\t<\/div>\n\t\t\t\t\t<\/div>\n\t\t<\/div>\n\t\t\t\t\t<\/div>\n\t\t<\/section>\n\t\t\t\t<section class=\"elementor-section elementor-top-section elementor-element elementor-element-0403ca7 elementor-section-boxed elementor-section-height-default elementor-section-height-default\" data-id=\"0403ca7\" data-element_type=\"section\" data-e-type=\"section\">\n\t\t\t\t\t\t<div class=\"elementor-container elementor-column-gap-default\">\n\t\t\t\t\t<div class=\"elementor-column elementor-col-100 elementor-top-column elementor-element elementor-element-d2eef43\" data-id=\"d2eef43\" data-element_type=\"column\" data-e-type=\"column\">\n\t\t\t<div class=\"elementor-widget-wrap elementor-element-populated\">\n\t\t\t\t\t\t<div class=\"elementor-element elementor-element-d5bdfc3 elementor-widget elementor-widget-spacer\" data-id=\"d5bdfc3\" data-element_type=\"widget\" data-e-type=\"widget\" data-widget_type=\"spacer.default\">\n\t\t\t\t<div class=\"elementor-widget-container\">\n\t\t\t\t\t\t\t<div class=\"elementor-spacer\">\n\t\t\t<div class=\"elementor-spacer-inner\"><\/div>\n\t\t<\/div>\n\t\t\t\t\t\t<\/div>\n\t\t\t\t<\/div>\n\t\t\t\t<div class=\"elementor-element elementor-element-25d1495 elementor-widget elementor-widget-heading\" data-id=\"25d1495\" data-element_type=\"widget\" data-e-type=\"widget\" data-widget_type=\"heading.default\">\n\t\t\t\t<div class=\"elementor-widget-container\">\n\t\t\t\t\t<h2 class=\"elementor-heading-title elementor-size-default\">Une seconde lev\u00e9e de fonds et un actionnariat \u00e9largi<\/h2>\t\t\t\t<\/div>\n\t\t\t\t<\/div>\n\t\t\t\t\t<\/div>\n\t\t<\/div>\n\t\t\t\t\t<\/div>\n\t\t<\/section>\n\t\t\t\t<section class=\"elementor-section elementor-top-section elementor-element elementor-element-e1be5ce elementor-section-boxed elementor-section-height-default elementor-section-height-default\" data-id=\"e1be5ce\" data-element_type=\"section\" data-e-type=\"section\">\n\t\t\t\t\t\t<div class=\"elementor-container elementor-column-gap-default\">\n\t\t\t\t\t<div class=\"elementor-column elementor-col-100 elementor-top-column elementor-element elementor-element-81152d1\" data-id=\"81152d1\" data-element_type=\"column\" data-e-type=\"column\">\n\t\t\t<div class=\"elementor-widget-wrap elementor-element-populated\">\n\t\t\t\t\t\t<div class=\"elementor-element elementor-element-ec7b53e elementor-widget elementor-widget-text-editor\" data-id=\"ec7b53e\" data-element_type=\"widget\" data-e-type=\"widget\" data-widget_type=\"text-editor.default\">\n\t\t\t\t<div class=\"elementor-widget-container\">\n\t\t\t\t\t\t\t\t\t<p>En 2021 les actionnaires fondateurs avaient fait appel \u00e0 Bpifrance et Cr\u00e9dit Mutuel Equity pour une premi\u00e8re lev\u00e9e de fonds qui leur a permis de conqu\u00e9rir un grand quart Ouest du march\u00e9 fran\u00e7ais et de lancer l\u2019activit\u00e9 de transport maritime en ouvrant les cales de ses bateaux \u00e0 des clients chargeurs prestigieux, d\u00e9sireux de contribuer eux aussi \u00e0 la d\u00e9carbonation du commerce maritime.<\/p>\n<p><span style=\"font-family: var( --e-global-typography-text-font-family ), Sans-serif; font-size: 1rem;\">Cette deuxi\u00e8me lev\u00e9e de fonds, d\u2019un montant qui demeure confidentiel, fait rentrer au capital de Grain de Sail, <\/span><em style=\"font-family: var( --e-global-typography-text-font-family ), Sans-serif; font-size: 1rem;\">GO Capital<\/em><span style=\"font-family: var( --e-global-typography-text-font-family ), Sans-serif; font-size: 1rem;\"> via le fonds Impact Oc\u00e9an Capital, rejoint par le fonds sp\u00e9cialis\u00e9<\/span><em style=\"font-family: var( --e-global-typography-text-font-family ), Sans-serif; font-size: 1rem;\"> Mer Invest, Normandie Littoral via son fonds Hauts de France Littoral Invest<\/em><span style=\"font-family: var( --e-global-typography-text-font-family ), Sans-serif; font-size: 1rem;\">, ainsi que le fonds d\u2019investissement familial <\/span><em style=\"font-family: var( --e-global-typography-text-font-family ), Sans-serif; font-size: 1rem;\">H\u00e9lix.<\/em> <em style=\"font-family: var( --e-global-typography-text-font-family ), Sans-serif; font-size: 1rem;\">Bpifrance<\/em><span style=\"font-family: var( --e-global-typography-text-font-family ), Sans-serif; font-size: 1rem;\"> r\u00e9investit \u00e0 travers <\/span><em style=\"font-family: var( --e-global-typography-text-font-family ), Sans-serif; font-size: 1rem;\">le Fonds de D\u00e9carbonation de la fili\u00e8re maritime<\/em><span style=\"font-family: var( --e-global-typography-text-font-family ), Sans-serif; font-size: 1rem;\"> dont il a la gestion.<\/span><em style=\"font-family: var( --e-global-typography-text-font-family ), Sans-serif; font-size: 1rem;\"> Rapha\u00ebl Coche<\/em><span style=\"font-family: var( --e-global-typography-text-font-family ), Sans-serif; font-size: 1rem;\"> du prestigieux domaine viticole bourguignon <\/span><em style=\"font-family: var( --e-global-typography-text-font-family ), Sans-serif; font-size: 1rem;\">Coche-Dury<\/em><span style=\"font-family: var( --e-global-typography-text-font-family ), Sans-serif; font-size: 1rem;\"> investit \u00e0 titre priv\u00e9 ayant choisi Grain de Sail pour transporter ses vins entre la France et les \u00c9tats Unis. <\/span><em style=\"font-family: var( --e-global-typography-text-font-family ), Sans-serif; font-size: 1rem;\">Cr\u00e9dit Mutuel Equity<\/em><span style=\"font-family: var( --e-global-typography-text-font-family ), Sans-serif; font-size: 1rem;\"> r\u00e9investit \u00e9galement \u00e0 cette occasion.\u00a0<\/span><\/p>\n<p><strong>Apr\u00e8s cette deuxi\u00e8me op\u00e9ration, les fondateurs Olivier et Jacques Barreau, Loic Briand et une partie des salari\u00e9s restent majoritaires au capital, avec plus des deux tiers en possession<\/strong><\/p>\t\t\t\t\t\t\t\t<\/div>\n\t\t\t\t<\/div>\n\t\t\t\t\t<\/div>\n\t\t<\/div>\n\t\t\t\t\t<\/div>\n\t\t<\/section>\n\t\t\t\t<section class=\"elementor-section elementor-top-section elementor-element elementor-element-bf66720 elementor-section-boxed elementor-section-height-default elementor-section-height-default\" data-id=\"bf66720\" data-element_type=\"section\" data-e-type=\"section\">\n\t\t\t\t\t\t<div class=\"elementor-container elementor-column-gap-default\">\n\t\t\t\t\t<div class=\"elementor-column elementor-col-100 elementor-top-column elementor-element elementor-element-e650b4f\" data-id=\"e650b4f\" data-element_type=\"column\" data-e-type=\"column\">\n\t\t\t<div class=\"elementor-widget-wrap elementor-element-populated\">\n\t\t\t\t\t\t<div class=\"elementor-element elementor-element-c9c4c78 elementor-widget elementor-widget-spacer\" data-id=\"c9c4c78\" data-element_type=\"widget\" data-e-type=\"widget\" data-widget_type=\"spacer.default\">\n\t\t\t\t<div class=\"elementor-widget-container\">\n\t\t\t\t\t\t\t<div class=\"elementor-spacer\">\n\t\t\t<div class=\"elementor-spacer-inner\"><\/div>\n\t\t<\/div>\n\t\t\t\t\t\t<\/div>\n\t\t\t\t<\/div>\n\t\t\t\t<div class=\"elementor-element elementor-element-453d7e8 elementor-widget elementor-widget-heading\" data-id=\"453d7e8\" data-element_type=\"widget\" data-e-type=\"widget\" data-widget_type=\"heading.default\">\n\t\t\t\t<div class=\"elementor-widget-container\">\n\t\t\t\t\t<h2 class=\"elementor-heading-title elementor-size-default\">Deux projets structurants pour Grain de Sail : un voilier-cargo \u00e0 grande \u00e9chelle et une seconde usine<\/h2>\t\t\t\t<\/div>\n\t\t\t\t<\/div>\n\t\t\t\t\t<\/div>\n\t\t<\/div>\n\t\t\t\t\t<\/div>\n\t\t<\/section>\n\t\t\t\t<section class=\"elementor-section elementor-top-section elementor-element elementor-element-78404f7 elementor-section-boxed elementor-section-height-default elementor-section-height-default\" data-id=\"78404f7\" data-element_type=\"section\" data-e-type=\"section\">\n\t\t\t\t\t\t<div class=\"elementor-container elementor-column-gap-default\">\n\t\t\t\t\t<div class=\"elementor-column elementor-col-100 elementor-top-column elementor-element elementor-element-5fbfa29\" data-id=\"5fbfa29\" data-element_type=\"column\" data-e-type=\"column\">\n\t\t\t<div class=\"elementor-widget-wrap elementor-element-populated\">\n\t\t\t\t\t\t<div class=\"elementor-element elementor-element-abce075 elementor-widget elementor-widget-text-editor\" data-id=\"abce075\" data-element_type=\"widget\" data-e-type=\"widget\" data-widget_type=\"text-editor.default\">\n\t\t\t\t<div class=\"elementor-widget-container\">\n\t\t\t\t\t\t\t\t\t<p>Gr\u00e2ce \u00e0 l\u2019augmentation de capital, Grain de Sail ambitionne de concr\u00e9tiser son mod\u00e8le d\u2019entreprise.\u00a0<\/p><p>D\u2019une part, le groupe morlaisien souhaite <strong>construire une seconde unit\u00e9 de production agroalimentaire \u00e0 Dunkerque sur un site qui lui est d\u00e9j\u00e0 r\u00e9serv\u00e9 et pour lequel un permis de construire a d\u00e9j\u00e0 \u00e9t\u00e9 d\u00e9pos\u00e9 et valid\u00e9<\/strong>. Cette ancienne friche industrielle du M\u00f4le 2 en bord \u00e0 quai accessible en quelques minutes \u00e0 pied du centre-ville dunkerquois sera le lieu d\u2019un b\u00e2timent multifonctions regroupant zones de production de chocolats et de caf\u00e9s, bureaux, boutique et galerie de visite pour le grand public. Cette usine, pr\u00e9vue pour livraison fin 2027, viendra suppl\u00e9er celle de Morlaix, inaugur\u00e9e en 2021, et permettra l\u2019augmentation des volumes de production ainsi que le rapprochement g\u00e9ographique de bassins de consommation strat\u00e9giques tels que le Nord et l\u2019Ile de France tout en ouvrant des voies commerciales au proche export europ\u00e9en.<\/p>\t\t\t\t\t\t\t\t<\/div>\n\t\t\t\t<\/div>\n\t\t\t\t\t<\/div>\n\t\t<\/div>\n\t\t\t\t\t<\/div>\n\t\t<\/section>\n\t\t\t\t<section class=\"elementor-section elementor-top-section elementor-element elementor-element-e714400 elementor-section-boxed elementor-section-height-default elementor-section-height-default\" data-id=\"e714400\" data-element_type=\"section\" data-e-type=\"section\">\n\t\t\t\t\t\t<div class=\"elementor-container elementor-column-gap-default\">\n\t\t\t\t\t<div class=\"elementor-column elementor-col-100 elementor-top-column elementor-element elementor-element-0b18506\" data-id=\"0b18506\" data-element_type=\"column\" data-e-type=\"column\">\n\t\t\t<div class=\"elementor-widget-wrap elementor-element-populated\">\n\t\t\t\t\t\t<div class=\"elementor-element elementor-element-3aa5c3a elementor-widget elementor-widget-text-editor\" data-id=\"3aa5c3a\" data-element_type=\"widget\" data-e-type=\"widget\" data-widget_type=\"text-editor.default\">\n\t\t\t\t<div class=\"elementor-widget-container\">\n\t\t\t\t\t\t\t\t\t<p>D\u2019autre part, Grain de Sail exploite une flotte de voiliers-cargos depuis cinq ans lui conf\u00e9rant une exp\u00e9rience unique dans le secteur du transport maritime d\u00e9carbon\u00e9. <strong>Afin d\u2019\u00e9largir sa flotte de voiliers-cargos et augmenter les capacit\u00e9s de chargement \u00e0 bord, Grain de Sail lancera la construction d\u2019un troisi\u00e8me voilier-cargo qui sera le plus gros porte-conteneur v\u00e9lique au monde.<\/strong> <br \/>Le Grain de Sail III, enti\u00e8rement propuls\u00e9 par le vent, d\u00e9passera largement 100 m\u00e8tres de longueur et pourra charger plus de 200 conteneurs tout en r\u00e9duisant l\u2019empreinte carbone de plus de 90%. Le v\u00e9lique \u00e0 plus grande \u00e9chelle, rendu possible par des innovations technologiques sur les gr\u00e9ements, est une n\u00e9cessit\u00e9 \u00e9conomique pour baisser le co\u00fbt du transport d\u00e9carbon\u00e9 et permettra de mieux r\u00e9pondre \u00e0 la demande des clients et prospects chargeurs de Grain de Sail.<\/p>\t\t\t\t\t\t\t\t<\/div>\n\t\t\t\t<\/div>\n\t\t\t\t\t<\/div>\n\t\t<\/div>\n\t\t\t\t\t<\/div>\n\t\t<\/section>\n\t\t\t\t<section class=\"elementor-section elementor-top-section elementor-element elementor-element-b24dfec elementor-section-boxed elementor-section-height-default elementor-section-height-default\" data-id=\"b24dfec\" data-element_type=\"section\" data-e-type=\"section\">\n\t\t\t\t\t\t<div class=\"elementor-container elementor-column-gap-default\">\n\t\t\t\t\t<div class=\"elementor-column elementor-col-50 elementor-top-column elementor-element elementor-element-66683ac\" data-id=\"66683ac\" data-element_type=\"column\" data-e-type=\"column\">\n\t\t\t<div class=\"elementor-widget-wrap elementor-element-populated\">\n\t\t\t\t\t\t<div class=\"elementor-element elementor-element-68ff16b elementor-widget__width-initial elementor-widget elementor-widget-image\" data-id=\"68ff16b\" data-element_type=\"widget\" data-e-type=\"widget\" data-widget_type=\"image.default\">\n\t\t\t\t<div class=\"elementor-widget-container\">\n\t\t\t\t\t\t\t\t\t\t\t\t\t\t\t<img decoding=\"async\" width=\"800\" height=\"600\" data-src=\"https:\/\/graindesail.com\/wp-content\/uploads\/2025\/11\/GDSIII-Rendu-Esquisse-00-\u00a9L2Onaval-V2-1024x768.jpg\" class=\"attachment-large size-large wp-image-18740 lazyload\" alt=\"Visuel \/ Rendu Esquisse de Grain de Sail 3 - L2O Naval\" data-srcset=\"https:\/\/graindesail.com\/wp-content\/uploads\/2025\/11\/GDSIII-Rendu-Esquisse-00-\u00a9L2Onaval-V2-1024x768.jpg 1024w, https:\/\/graindesail.com\/wp-content\/uploads\/2025\/11\/GDSIII-Rendu-Esquisse-00-\u00a9L2Onaval-V2-300x225.jpg 300w, https:\/\/graindesail.com\/wp-content\/uploads\/2025\/11\/GDSIII-Rendu-Esquisse-00-\u00a9L2Onaval-V2-768x576.jpg 768w, https:\/\/graindesail.com\/wp-content\/uploads\/2025\/11\/GDSIII-Rendu-Esquisse-00-\u00a9L2Onaval-V2-1536x1152.jpg 1536w, https:\/\/graindesail.com\/wp-content\/uploads\/2025\/11\/GDSIII-Rendu-Esquisse-00-\u00a9L2Onaval-V2-600x450.jpg 600w, https:\/\/graindesail.com\/wp-content\/uploads\/2025\/11\/GDSIII-Rendu-Esquisse-00-\u00a9L2Onaval-V2.jpg 2048w\" data-sizes=\"(max-width: 800px) 100vw, 800px\" src=\"data:image\/svg+xml;base64,PHN2ZyB3aWR0aD0iMSIgaGVpZ2h0PSIxIiB4bWxucz0iaHR0cDovL3d3dy53My5vcmcvMjAwMC9zdmciPjwvc3ZnPg==\" style=\"--smush-placeholder-width: 800px; --smush-placeholder-aspect-ratio: 800\/600;\" \/>\t\t\t\t\t\t\t\t\t\t\t\t\t\t\t<\/div>\n\t\t\t\t<\/div>\n\t\t\t\t\t<\/div>\n\t\t<\/div>\n\t\t\t\t<div class=\"elementor-column elementor-col-50 elementor-top-column elementor-element elementor-element-3d7d0e9\" data-id=\"3d7d0e9\" data-element_type=\"column\" data-e-type=\"column\">\n\t\t\t<div class=\"elementor-widget-wrap elementor-element-populated\">\n\t\t\t\t\t\t<div class=\"elementor-element elementor-element-edb1f6e elementor-widget elementor-widget-image\" data-id=\"edb1f6e\" data-element_type=\"widget\" data-e-type=\"widget\" data-widget_type=\"image.default\">\n\t\t\t\t<div class=\"elementor-widget-container\">\n\t\t\t\t\t\t\t\t\t\t\t\t\t\t\t<img decoding=\"async\" width=\"800\" height=\"427\" data-src=\"https:\/\/graindesail.com\/wp-content\/uploads\/2025\/11\/visuels-cp-dunkerque-nov2022-03-1024x546.jpg\" class=\"attachment-large size-large wp-image-18742 lazyload\" alt=\"Visuel du projet de l&#039;Usine de Dunkerque\" data-srcset=\"https:\/\/graindesail.com\/wp-content\/uploads\/2025\/11\/visuels-cp-dunkerque-nov2022-03-1024x546.jpg 1024w, https:\/\/graindesail.com\/wp-content\/uploads\/2025\/11\/visuels-cp-dunkerque-nov2022-03-300x160.jpg 300w, https:\/\/graindesail.com\/wp-content\/uploads\/2025\/11\/visuels-cp-dunkerque-nov2022-03-768x410.jpg 768w, https:\/\/graindesail.com\/wp-content\/uploads\/2025\/11\/visuels-cp-dunkerque-nov2022-03-1536x819.jpg 1536w, https:\/\/graindesail.com\/wp-content\/uploads\/2025\/11\/visuels-cp-dunkerque-nov2022-03-600x320.jpg 600w, https:\/\/graindesail.com\/wp-content\/uploads\/2025\/11\/visuels-cp-dunkerque-nov2022-03.jpg 2048w\" data-sizes=\"(max-width: 800px) 100vw, 800px\" src=\"data:image\/svg+xml;base64,PHN2ZyB3aWR0aD0iMSIgaGVpZ2h0PSIxIiB4bWxucz0iaHR0cDovL3d3dy53My5vcmcvMjAwMC9zdmciPjwvc3ZnPg==\" style=\"--smush-placeholder-width: 800px; --smush-placeholder-aspect-ratio: 800\/427;\" \/>\t\t\t\t\t\t\t\t\t\t\t\t\t\t\t<\/div>\n\t\t\t\t<\/div>\n\t\t\t\t\t<\/div>\n\t\t<\/div>\n\t\t\t\t\t<\/div>\n\t\t<\/section>\n\t\t\t\t<section class=\"elementor-section elementor-top-section elementor-element elementor-element-d5421ab elementor-section-boxed elementor-section-height-default elementor-section-height-default\" data-id=\"d5421ab\" data-element_type=\"section\" data-e-type=\"section\">\n\t\t\t\t\t\t<div class=\"elementor-container elementor-column-gap-default\">\n\t\t\t\t\t<div class=\"elementor-column elementor-col-100 elementor-top-column elementor-element elementor-element-0dc1459\" data-id=\"0dc1459\" data-element_type=\"column\" data-e-type=\"column\">\n\t\t\t<div class=\"elementor-widget-wrap elementor-element-populated\">\n\t\t\t\t\t\t<div class=\"elementor-element elementor-element-c51a690 elementor-widget-divider--view-line elementor-widget elementor-widget-divider\" data-id=\"c51a690\" data-element_type=\"widget\" data-e-type=\"widget\" data-widget_type=\"divider.default\">\n\t\t\t\t<div class=\"elementor-widget-container\">\n\t\t\t\t\t\t\t<div class=\"elementor-divider\">\n\t\t\t<span class=\"elementor-divider-separator\">\n\t\t\t\t\t\t<\/span>\n\t\t<\/div>\n\t\t\t\t\t\t<\/div>\n\t\t\t\t<\/div>\n\t\t\t\t<div class=\"elementor-element elementor-element-5a3f8b0 elementor-blockquote--skin-quotation elementor-blockquote--align-center elementor-widget elementor-widget-blockquote\" data-id=\"5a3f8b0\" data-element_type=\"widget\" data-e-type=\"widget\" data-widget_type=\"blockquote.default\">\n\t\t\t\t<div class=\"elementor-widget-container\">\n\t\t\t\t\t\t\t<blockquote class=\"elementor-blockquote\">\n\t\t\t<p class=\"elementor-blockquote__content\">\n\t\t\t\t\"Le collectif d\u2019investisseurs\nqui nous rejoint est d\u2019une qualit\u00e9 et d\u2019une diversit\u00e9 exceptionnelles. Le projet d\u2019entreprise Grain de Sail est singulier ce qui fait sa force. Nous sommes ravis de pouvoir compter sur nos investisseurs pour lancer\ncette prochaine \u00e9tape de l\u2019entreprise et concr\u00e9tiser notre vision !\"\t\t\t<\/p>\n\t\t\t\t\t\t\t<div class=\"e-q-footer\">\n\t\t\t\t\t\t\t\t\t\t\t<cite class=\"elementor-blockquote__author\">Olivier Barreau<\/cite>\n\t\t\t\t\t\t\t\t\t\t\t\t\t\t<\/div>\n\t\t\t\t\t<\/blockquote>\n\t\t\t\t\t\t<\/div>\n\t\t\t\t<\/div>\n\t\t\t\t\t<\/div>\n\t\t<\/div>\n\t\t\t\t\t<\/div>\n\t\t<\/section>\n\t\t\t\t<section class=\"elementor-section elementor-top-section elementor-element elementor-element-762813b elementor-section-boxed elementor-section-height-default elementor-section-height-default\" data-id=\"762813b\" data-element_type=\"section\" data-e-type=\"section\">\n\t\t\t\t\t\t<div class=\"elementor-container elementor-column-gap-default\">\n\t\t\t\t\t<div class=\"elementor-column elementor-col-100 elementor-top-column elementor-element elementor-element-4dcad00\" data-id=\"4dcad00\" data-element_type=\"column\" data-e-type=\"column\">\n\t\t\t<div class=\"elementor-widget-wrap elementor-element-populated\">\n\t\t\t\t\t\t<div class=\"elementor-element elementor-element-39caaa7 elementor-widget-divider--view-line elementor-widget elementor-widget-divider\" data-id=\"39caaa7\" data-element_type=\"widget\" data-e-type=\"widget\" data-widget_type=\"divider.default\">\n\t\t\t\t<div class=\"elementor-widget-container\">\n\t\t\t\t\t\t\t<div class=\"elementor-divider\">\n\t\t\t<span class=\"elementor-divider-separator\">\n\t\t\t\t\t\t<\/span>\n\t\t<\/div>\n\t\t\t\t\t\t<\/div>\n\t\t\t\t<\/div>\n\t\t\t\t\t<\/div>\n\t\t<\/div>\n\t\t\t\t\t<\/div>\n\t\t<\/section>\n\t\t\t\t<section class=\"elementor-section elementor-top-section elementor-element elementor-element-7e2c863 elementor-section-boxed elementor-section-height-default elementor-section-height-default\" data-id=\"7e2c863\" data-element_type=\"section\" data-e-type=\"section\">\n\t\t\t\t\t\t<div class=\"elementor-container elementor-column-gap-default\">\n\t\t\t\t\t<div class=\"elementor-column elementor-col-100 elementor-top-column elementor-element elementor-element-ff2b6f9\" data-id=\"ff2b6f9\" data-element_type=\"column\" data-e-type=\"column\">\n\t\t\t<div class=\"elementor-widget-wrap elementor-element-populated\">\n\t\t\t\t\t\t<div class=\"elementor-element elementor-element-777018e elementor-widget elementor-widget-heading\" data-id=\"777018e\" data-element_type=\"widget\" data-e-type=\"widget\" data-widget_type=\"heading.default\">\n\t\t\t\t<div class=\"elementor-widget-container\">\n\t\t\t\t\t<h2 class=\"elementor-heading-title elementor-size-default\">Les citations des investisseurs<\/h2>\t\t\t\t<\/div>\n\t\t\t\t<\/div>\n\t\t\t\t\t<\/div>\n\t\t<\/div>\n\t\t\t\t\t<\/div>\n\t\t<\/section>\n\t\t\t\t<section class=\"elementor-section elementor-top-section elementor-element elementor-element-29923dd elementor-section-boxed elementor-section-height-default elementor-section-height-default\" data-id=\"29923dd\" data-element_type=\"section\" data-e-type=\"section\">\n\t\t\t\t\t\t<div class=\"elementor-container elementor-column-gap-default\">\n\t\t\t\t\t<div class=\"elementor-column elementor-col-100 elementor-top-column elementor-element elementor-element-8c0fe21\" data-id=\"8c0fe21\" data-element_type=\"column\" data-e-type=\"column\">\n\t\t\t<div class=\"elementor-widget-wrap elementor-element-populated\">\n\t\t\t\t\t\t<div class=\"elementor-element elementor-element-028e26f elementor-tabs-view-horizontal elementor-widget elementor-widget-tabs\" data-id=\"028e26f\" data-element_type=\"widget\" data-e-type=\"widget\" data-widget_type=\"tabs.default\">\n\t\t\t\t<div class=\"elementor-widget-container\">\n\t\t\t\t\t\t\t<div class=\"elementor-tabs\">\n\t\t\t<div class=\"elementor-tabs-wrapper\" role=\"tablist\" >\n\t\t\t\t\t\t\t\t\t<div id=\"elementor-tab-title-2671\" class=\"elementor-tab-title elementor-tab-desktop-title\" aria-selected=\"true\" data-tab=\"1\" role=\"tab\" tabindex=\"0\" aria-controls=\"elementor-tab-content-2671\" aria-expanded=\"false\">Domaine Coche-Dury<\/div>\n\t\t\t\t\t\t\t\t\t<div id=\"elementor-tab-title-2672\" class=\"elementor-tab-title elementor-tab-desktop-title\" aria-selected=\"false\" data-tab=\"2\" role=\"tab\" tabindex=\"-1\" aria-controls=\"elementor-tab-content-2672\" aria-expanded=\"false\">Bpi France<\/div>\n\t\t\t\t\t\t\t\t\t<div id=\"elementor-tab-title-2673\" class=\"elementor-tab-title elementor-tab-desktop-title\" aria-selected=\"false\" data-tab=\"3\" role=\"tab\" tabindex=\"-1\" aria-controls=\"elementor-tab-content-2673\" aria-expanded=\"false\">H\u00e9lix<\/div>\n\t\t\t\t\t\t\t\t\t<div id=\"elementor-tab-title-2674\" class=\"elementor-tab-title elementor-tab-desktop-title\" aria-selected=\"false\" data-tab=\"4\" role=\"tab\" tabindex=\"-1\" aria-controls=\"elementor-tab-content-2674\" aria-expanded=\"false\">Go Capital<\/div>\n\t\t\t\t\t\t\t\t\t<div id=\"elementor-tab-title-2675\" class=\"elementor-tab-title elementor-tab-desktop-title\" aria-selected=\"false\" data-tab=\"5\" role=\"tab\" tabindex=\"-1\" aria-controls=\"elementor-tab-content-2675\" aria-expanded=\"false\">Mer Invest<\/div>\n\t\t\t\t\t\t\t\t\t<div id=\"elementor-tab-title-2676\" class=\"elementor-tab-title elementor-tab-desktop-title\" aria-selected=\"false\" data-tab=\"6\" role=\"tab\" tabindex=\"-1\" aria-controls=\"elementor-tab-content-2676\" aria-expanded=\"false\">Oaklins France<\/div>\n\t\t\t\t\t\t\t<\/div>\n\t\t\t<div class=\"elementor-tabs-content-wrapper\" role=\"tablist\" aria-orientation=\"vertical\">\n\t\t\t\t\t\t\t\t\t<div class=\"elementor-tab-title elementor-tab-mobile-title\" aria-selected=\"true\" data-tab=\"1\" role=\"tab\" tabindex=\"0\" aria-controls=\"elementor-tab-content-2671\" aria-expanded=\"false\">Domaine Coche-Dury<\/div>\n\t\t\t\t\t<div id=\"elementor-tab-content-2671\" class=\"elementor-tab-content elementor-clearfix\" data-tab=\"1\" role=\"tabpanel\" aria-labelledby=\"elementor-tab-title-2671\" tabindex=\"0\" hidden=\"false\"><p>&#8220;Depuis plusieurs ann\u00e9es j\u2019observais le renouveau du transport Maritime V\u00e9lique sans trouver l\u2019offre qui me convenait. Il y a un an, le groupe Grain de Sail m\u2019a accueilli et nous avons d\u00e9velopp\u00e9 ensemble une offre m\u00ealant qualit\u00e9, s\u00e9curit\u00e9 et efficience \u00e9nerg\u00e9tique. Nous avons \u00e9t\u00e9 rejoints par mon importateur aux USA (Kermit Lynch) afin de parfaire notre niveau d\u2019exigence c\u00f4t\u00e9 am\u00e9ricain. Compte tenu de mon engagement et de ma volont\u00e9 de soutien \u00e0 ce projet, mon entr\u00e9e au capital de Grain de Sail s\u2019est faite naturellement.&#8221;<br \/><br \/>Rapha\u00ebl Coche, G\u00e9rant Domaine Coche-Dury<\/p><\/div>\n\t\t\t\t\t\t\t\t\t<div class=\"elementor-tab-title elementor-tab-mobile-title\" aria-selected=\"false\" data-tab=\"2\" role=\"tab\" tabindex=\"-1\" aria-controls=\"elementor-tab-content-2672\" aria-expanded=\"false\">Bpi France<\/div>\n\t\t\t\t\t<div id=\"elementor-tab-content-2672\" class=\"elementor-tab-content elementor-clearfix\" data-tab=\"2\" role=\"tabpanel\" aria-labelledby=\"elementor-tab-title-2672\" tabindex=\"0\" hidden=\"hidden\"><p>&#8220;Apr\u00e8s avoir accompagn\u00e9 Grain de Sail ces quatre derni\u00e8res ann\u00e9es, nous sommes fiers de renforcer notre partenariat aux c\u00f4t\u00e9s d\u2019investisseurs compl\u00e9mentaires et impliqu\u00e9s, tous convaincus par la qualit\u00e9 du projet de la soci\u00e9t\u00e9. <br \/>Nous int\u00e9grons dans cette op\u00e9ration le Fonds de D\u00e9carbonation de la Fili\u00e8re Maritime g\u00e9r\u00e9 par Bpifrance, dont la th\u00e8se d\u2019investissement correspond \u00e0 notre volont\u00e9 d\u2019accompagner la trajectoire de l\u2019activit\u00e9 v\u00e9lique de Grain de Sail.&#8221;<br \/><br \/>Jean-Marie Fougeray, Directeur d\u2019Investissement Senior chez Bpifrance<br \/><br \/><\/p><\/div>\n\t\t\t\t\t\t\t\t\t<div class=\"elementor-tab-title elementor-tab-mobile-title\" aria-selected=\"false\" data-tab=\"3\" role=\"tab\" tabindex=\"-1\" aria-controls=\"elementor-tab-content-2673\" aria-expanded=\"false\">H\u00e9lix<\/div>\n\t\t\t\t\t<div id=\"elementor-tab-content-2673\" class=\"elementor-tab-content elementor-clearfix\" data-tab=\"3\" role=\"tabpanel\" aria-labelledby=\"elementor-tab-title-2673\" tabindex=\"0\" hidden=\"hidden\"><p>&#8221; Grain de Sail ne se contente pas de produire, elle d\u00e9montre qu\u2019un autre mod\u00e8le \u00e9conomique est possible, o\u00f9 chaque d\u00e9cision a du sens et un impact r\u00e9el, positif et mesurable. L\u2019audace des fondateurs, l\u2019exigence environnementale et la coh\u00e9rence entre les actes et les valeurs nous ont profond\u00e9ment convaincus. En investissant aux c\u00f4t\u00e9s des \u00e9quipes, nous voulons contribuer \u00e0 cette transition concr\u00e8te vers une \u00e9conomie plus responsable. &#8220;<\/p>\n<p><br \/>Yohann Floc\u2019h<\/p><\/div>\n\t\t\t\t\t\t\t\t\t<div class=\"elementor-tab-title elementor-tab-mobile-title\" aria-selected=\"false\" data-tab=\"4\" role=\"tab\" tabindex=\"-1\" aria-controls=\"elementor-tab-content-2674\" aria-expanded=\"false\">Go Capital<\/div>\n\t\t\t\t\t<div id=\"elementor-tab-content-2674\" class=\"elementor-tab-content elementor-clearfix\" data-tab=\"4\" role=\"tabpanel\" aria-labelledby=\"elementor-tab-title-2674\" tabindex=\"0\" hidden=\"hidden\"><p>Fr\u00e9d\u00e9ric Le Guillou, Directeur d&#8217;investissement de GO Capital ajoute : &#8221; Accompagner l\u2019\u00e9quipe de Grain de Sail, c\u2019est soutenir une vision audacieuse de transformation et d\u2019impact pour la fili\u00e8re maritime.<br \/>Leur savoir-faire reconnu dans le chocolat et leur ambition de d\u00e9carboner le transport illustrent un projet \u00e0 la fois exemplaire et inspirant, que nous sommes fiers chez GO Capital de faire grandir \u00e0 leurs c\u00f4t\u00e9s. &#8220;<\/p><\/div>\n\t\t\t\t\t\t\t\t\t<div class=\"elementor-tab-title elementor-tab-mobile-title\" aria-selected=\"false\" data-tab=\"5\" role=\"tab\" tabindex=\"-1\" aria-controls=\"elementor-tab-content-2675\" aria-expanded=\"false\">Mer Invest<\/div>\n\t\t\t\t\t<div id=\"elementor-tab-content-2675\" class=\"elementor-tab-content elementor-clearfix\" data-tab=\"5\" role=\"tabpanel\" aria-labelledby=\"elementor-tab-title-2675\" tabindex=\"0\" hidden=\"hidden\"><p>Philippe Renaudin, Directeur G\u00e9n\u00e9ral de Mer Invest compl\u00e8te : \u00ab Grain de Sail incarne parfaitement la vision que nous portons avec Mer Invest et le Cr\u00e9dit Maritime, marque de Banque Populaire Grand Ouest : celle d\u2019entreprises bretonnes capables d\u2019allier performance \u00e9conomique,<br \/>innovation industrielle et impact environnemental concret. En mariant deux domaines d\u2019excellence r\u00e9gionale, la production de produits fins remarquables et le transport maritime, Grain de Sail d\u00e9montre qu\u2019une croissance durable et d\u00e9carbon\u00e9e est possible. Nous sommes fiers de participer \u00e0 cette op\u00e9ration et d\u2019accompagner cette aventure entrepreneuriale embl\u00e9matique du savoir-faire et de l\u2019audace bretons.&#8221;<\/p><\/div>\n\t\t\t\t\t\t\t\t\t<div class=\"elementor-tab-title elementor-tab-mobile-title\" aria-selected=\"false\" data-tab=\"6\" role=\"tab\" tabindex=\"-1\" aria-controls=\"elementor-tab-content-2676\" aria-expanded=\"false\">Oaklins France<\/div>\n\t\t\t\t\t<div id=\"elementor-tab-content-2676\" class=\"elementor-tab-content elementor-clearfix\" data-tab=\"6\" role=\"tabpanel\" aria-labelledby=\"elementor-tab-title-2676\" tabindex=\"0\" hidden=\"hidden\"><p style=\"font-weight: 400;\">Christian de Charentenay, Senior Advisor d\u2019Oaklins France indique : \u00ab Nous avons \u00e9t\u00e9 impressionn\u00e9s par la qualit\u00e9 des \u00e9quipes de Grain de Sail et leur projet \u00e0 impact extr\u00eamement innovant. Grain de Sail a su d\u00e9velopper des m\u00e9tiers et des actifs permettant de maitriser une cha\u00eene de valeur unique au monde. Le couplage entre une activit\u00e9 agroalimentaire et un armement maritime bas carbone a clairement d\u00e9montr\u00e9 son incroyable potentiel de croissance et a fait naitre une marque tr\u00e8s puissante.<\/p>\n<p style=\"font-weight: 400;\">Nous sommes heureux d\u2019avoir pu organiser cette nouvelle augmentation de capital et r\u00e9unir autour de Jacques, Olivier Barreau et Loic Briand des investisseurs aux profils tr\u00e8s vari\u00e9s qui apporteront chacun leur expertise et connaissances. \u00bb<\/p><\/div>\n\t\t\t\t\t\t\t<\/div>\n\t\t<\/div>\n\t\t\t\t\t\t<\/div>\n\t\t\t\t<\/div>\n\t\t\t\t\t<\/div>\n\t\t<\/div>\n\t\t\t\t\t<\/div>\n\t\t<\/section>\n\t\t\t\t<\/div>\n\t\t","protected":false},"excerpt":{"rendered":"<p>Le groupe Grain de Sail, leader fran\u00e7ais du caf\u00e9 et du chocolat bio et pr\u00e9curseur du transport de marchandises \u00e0 la voile, annonce une nouvelle ouverture de son capital \u00e0 un collectif d\u2019investisseurs, emmen\u00e9s par GO Capital et Bpifrance, pour accompagner la tr\u00e8s forte croissance de ses activit\u00e9s. Cette augmentation de capital permettra le financement [&hellip;]<\/p>\n","protected":false},"author":25523,"featured_media":18725,"comment_status":"open","ping_status":"open","sticky":false,"template":"","format":"standard","meta":{"_acf_changed":false,"footnotes":""},"categories":[243],"tags":[],"class_list":["post-18723","post","type-post","status-publish","format-standard","has-post-thumbnail","hentry","category-actualites-globales"],"acf":[],"yoast_head":"<!-- This site is optimized with the Yoast SEO plugin v25.5 - https:\/\/yoast.com\/wordpress\/plugins\/seo\/ -->\n<title>Grain de Sail renforce son capital<\/title>\n<meta name=\"description\" content=\"Une nouvelle \u00e9tape pour Grain de Sail : l\u2019entreprise accueille de nouveaux partenaires financiers pour accompagner sa croissance durable.\" \/>\n<meta name=\"robots\" content=\"index, follow, max-snippet:-1, max-image-preview:large, max-video-preview:-1\" \/>\n<link rel=\"canonical\" href=\"https:\/\/graindesail.com\/fr\/grain-de-sail-boucle-une-augmentation-de-capital-avec-un-collectif-dinvestisseurs-bretons-et-francais\/\" \/>\n<meta property=\"og:locale\" content=\"fr_FR\" \/>\n<meta property=\"og:type\" content=\"article\" \/>\n<meta property=\"og:title\" content=\"Grain de Sail renforce son capital\" \/>\n<meta property=\"og:description\" content=\"Une nouvelle \u00e9tape pour Grain de Sail : l\u2019entreprise accueille de nouveaux partenaires financiers pour accompagner sa croissance durable.\" \/>\n<meta property=\"og:url\" content=\"https:\/\/graindesail.com\/fr\/grain-de-sail-boucle-une-augmentation-de-capital-avec-un-collectif-dinvestisseurs-bretons-et-francais\/\" \/>\n<meta property=\"og:site_name\" content=\"GDS\" \/>\n<meta property=\"article:published_time\" content=\"2025-11-12T08:30:23+00:00\" \/>\n<meta property=\"article:modified_time\" content=\"2026-01-22T13:29:55+00:00\" \/>\n<meta property=\"og:image\" content=\"https:\/\/graindesail.com\/wp-content\/uploads\/2025\/11\/20251028-signature-levee-de-fonds-gds-BD.jpg\" \/>\n\t<meta property=\"og:image:width\" content=\"2048\" \/>\n\t<meta property=\"og:image:height\" content=\"1536\" \/>\n\t<meta property=\"og:image:type\" content=\"image\/jpeg\" \/>\n<meta name=\"author\" content=\"Juliette Guillerm\" \/>\n<meta name=\"twitter:card\" content=\"summary_large_image\" \/>\n<meta name=\"twitter:label1\" content=\"\u00c9crit par\" \/>\n\t<meta name=\"twitter:data1\" content=\"Juliette Guillerm\" \/>\n\t<meta name=\"twitter:label2\" content=\"Dur\u00e9e de lecture estim\u00e9e\" \/>\n\t<meta name=\"twitter:data2\" content=\"8 minutes\" \/>\n<script type=\"application\/ld+json\" class=\"yoast-schema-graph\">{\"@context\":\"https:\/\/schema.org\",\"@graph\":[{\"@type\":\"Article\",\"@id\":\"https:\/\/graindesail.com\/fr\/grain-de-sail-boucle-une-augmentation-de-capital-avec-un-collectif-dinvestisseurs-bretons-et-francais\/#article\",\"isPartOf\":{\"@id\":\"https:\/\/graindesail.com\/fr\/grain-de-sail-boucle-une-augmentation-de-capital-avec-un-collectif-dinvestisseurs-bretons-et-francais\/\"},\"author\":{\"name\":\"Juliette Guillerm\",\"@id\":\"https:\/\/graindesail.com\/fr\/#\/schema\/person\/81ad74077c56a093645620521b41f586\"},\"headline\":\"Grain de Sail boucle une augmentation de capital avec un collectif d\u2019investisseurs bretons et fran\u00e7ais\",\"datePublished\":\"2025-11-12T08:30:23+00:00\",\"dateModified\":\"2026-01-22T13:29:55+00:00\",\"mainEntityOfPage\":{\"@id\":\"https:\/\/graindesail.com\/fr\/grain-de-sail-boucle-une-augmentation-de-capital-avec-un-collectif-dinvestisseurs-bretons-et-francais\/\"},\"wordCount\":1523,\"commentCount\":0,\"publisher\":{\"@id\":\"https:\/\/graindesail.com\/fr\/#organization\"},\"image\":{\"@id\":\"https:\/\/graindesail.com\/fr\/grain-de-sail-boucle-une-augmentation-de-capital-avec-un-collectif-dinvestisseurs-bretons-et-francais\/#primaryimage\"},\"thumbnailUrl\":\"https:\/\/graindesail.com\/wp-content\/uploads\/2025\/11\/20251028-signature-levee-de-fonds-gds-BD.jpg\",\"articleSection\":[\"Actualit\u00e9s globales\"],\"inLanguage\":\"fr-FR\",\"potentialAction\":[{\"@type\":\"CommentAction\",\"name\":\"Comment\",\"target\":[\"https:\/\/graindesail.com\/fr\/grain-de-sail-boucle-une-augmentation-de-capital-avec-un-collectif-dinvestisseurs-bretons-et-francais\/#respond\"]}]},{\"@type\":\"WebPage\",\"@id\":\"https:\/\/graindesail.com\/fr\/grain-de-sail-boucle-une-augmentation-de-capital-avec-un-collectif-dinvestisseurs-bretons-et-francais\/\",\"url\":\"https:\/\/graindesail.com\/fr\/grain-de-sail-boucle-une-augmentation-de-capital-avec-un-collectif-dinvestisseurs-bretons-et-francais\/\",\"name\":\"Grain de Sail renforce son capital\",\"isPartOf\":{\"@id\":\"https:\/\/graindesail.com\/fr\/#website\"},\"primaryImageOfPage\":{\"@id\":\"https:\/\/graindesail.com\/fr\/grain-de-sail-boucle-une-augmentation-de-capital-avec-un-collectif-dinvestisseurs-bretons-et-francais\/#primaryimage\"},\"image\":{\"@id\":\"https:\/\/graindesail.com\/fr\/grain-de-sail-boucle-une-augmentation-de-capital-avec-un-collectif-dinvestisseurs-bretons-et-francais\/#primaryimage\"},\"thumbnailUrl\":\"https:\/\/graindesail.com\/wp-content\/uploads\/2025\/11\/20251028-signature-levee-de-fonds-gds-BD.jpg\",\"datePublished\":\"2025-11-12T08:30:23+00:00\",\"dateModified\":\"2026-01-22T13:29:55+00:00\",\"description\":\"Une nouvelle \u00e9tape pour Grain de Sail : l\u2019entreprise accueille de nouveaux partenaires financiers pour accompagner sa croissance durable.\",\"breadcrumb\":{\"@id\":\"https:\/\/graindesail.com\/fr\/grain-de-sail-boucle-une-augmentation-de-capital-avec-un-collectif-dinvestisseurs-bretons-et-francais\/#breadcrumb\"},\"inLanguage\":\"fr-FR\",\"potentialAction\":[{\"@type\":\"ReadAction\",\"target\":[\"https:\/\/graindesail.com\/fr\/grain-de-sail-boucle-une-augmentation-de-capital-avec-un-collectif-dinvestisseurs-bretons-et-francais\/\"]}]},{\"@type\":\"ImageObject\",\"inLanguage\":\"fr-FR\",\"@id\":\"https:\/\/graindesail.com\/fr\/grain-de-sail-boucle-une-augmentation-de-capital-avec-un-collectif-dinvestisseurs-bretons-et-francais\/#primaryimage\",\"url\":\"https:\/\/graindesail.com\/wp-content\/uploads\/2025\/11\/20251028-signature-levee-de-fonds-gds-BD.jpg\",\"contentUrl\":\"https:\/\/graindesail.com\/wp-content\/uploads\/2025\/11\/20251028-signature-levee-de-fonds-gds-BD.jpg\",\"width\":2048,\"height\":1536,\"caption\":\"Signature lev\u00e9e de fonds - Photo de groupe\"},{\"@type\":\"BreadcrumbList\",\"@id\":\"https:\/\/graindesail.com\/fr\/grain-de-sail-boucle-une-augmentation-de-capital-avec-un-collectif-dinvestisseurs-bretons-et-francais\/#breadcrumb\",\"itemListElement\":[{\"@type\":\"ListItem\",\"position\":1,\"name\":\"Home\",\"item\":\"https:\/\/graindesail.com\/fr\/\"},{\"@type\":\"ListItem\",\"position\":2,\"name\":\"Grain de Sail boucle une augmentation de capital avec un collectif d\u2019investisseurs bretons et fran\u00e7ais\"}]},{\"@type\":\"WebSite\",\"@id\":\"https:\/\/graindesail.com\/fr\/#website\",\"url\":\"https:\/\/graindesail.com\/fr\/\",\"name\":\"GDS\",\"description\":\"\",\"publisher\":{\"@id\":\"https:\/\/graindesail.com\/fr\/#organization\"},\"potentialAction\":[{\"@type\":\"SearchAction\",\"target\":{\"@type\":\"EntryPoint\",\"urlTemplate\":\"https:\/\/graindesail.com\/fr\/?s={search_term_string}\"},\"query-input\":{\"@type\":\"PropertyValueSpecification\",\"valueRequired\":true,\"valueName\":\"search_term_string\"}}],\"inLanguage\":\"fr-FR\"},{\"@type\":\"Organization\",\"@id\":\"https:\/\/graindesail.com\/fr\/#organization\",\"name\":\"GDS\",\"url\":\"https:\/\/graindesail.com\/fr\/\",\"logo\":{\"@type\":\"ImageObject\",\"inLanguage\":\"fr-FR\",\"@id\":\"https:\/\/graindesail.com\/fr\/#\/schema\/logo\/image\/\",\"url\":\"https:\/\/graindesail.com\/wp-content\/uploads\/2024\/12\/logo.svg\",\"contentUrl\":\"https:\/\/graindesail.com\/wp-content\/uploads\/2024\/12\/logo.svg\",\"width\":82,\"height\":130,\"caption\":\"GDS\"},\"image\":{\"@id\":\"https:\/\/graindesail.com\/fr\/#\/schema\/logo\/image\/\"}},{\"@type\":\"Person\",\"@id\":\"https:\/\/graindesail.com\/fr\/#\/schema\/person\/81ad74077c56a093645620521b41f586\",\"name\":\"Juliette Guillerm\",\"image\":{\"@type\":\"ImageObject\",\"inLanguage\":\"fr-FR\",\"@id\":\"https:\/\/graindesail.com\/fr\/#\/schema\/person\/image\/\",\"url\":\"https:\/\/secure.gravatar.com\/avatar\/b0eaa8db4f693694a59fd93086e5b89dde662f34dda77accfa769695671d3e1b?s=96&d=mm&r=g\",\"contentUrl\":\"https:\/\/secure.gravatar.com\/avatar\/b0eaa8db4f693694a59fd93086e5b89dde662f34dda77accfa769695671d3e1b?s=96&d=mm&r=g\",\"caption\":\"Juliette Guillerm\"},\"url\":\"https:\/\/graindesail.com\/fr\/author\/juliette-guillerm\/\"}]}<\/script>\n<!-- \/ Yoast SEO plugin. -->","yoast_head_json":{"title":"Grain de Sail renforce son capital","description":"Une nouvelle \u00e9tape pour Grain de Sail : l\u2019entreprise accueille de nouveaux partenaires financiers pour accompagner sa croissance durable.","robots":{"index":"index","follow":"follow","max-snippet":"max-snippet:-1","max-image-preview":"max-image-preview:large","max-video-preview":"max-video-preview:-1"},"canonical":"https:\/\/graindesail.com\/fr\/grain-de-sail-boucle-une-augmentation-de-capital-avec-un-collectif-dinvestisseurs-bretons-et-francais\/","og_locale":"fr_FR","og_type":"article","og_title":"Grain de Sail renforce son capital","og_description":"Une nouvelle \u00e9tape pour Grain de Sail : l\u2019entreprise accueille de nouveaux partenaires financiers pour accompagner sa croissance durable.","og_url":"https:\/\/graindesail.com\/fr\/grain-de-sail-boucle-une-augmentation-de-capital-avec-un-collectif-dinvestisseurs-bretons-et-francais\/","og_site_name":"GDS","article_published_time":"2025-11-12T08:30:23+00:00","article_modified_time":"2026-01-22T13:29:55+00:00","og_image":[{"width":2048,"height":1536,"url":"https:\/\/graindesail.com\/wp-content\/uploads\/2025\/11\/20251028-signature-levee-de-fonds-gds-BD.jpg","type":"image\/jpeg"}],"author":"Juliette Guillerm","twitter_card":"summary_large_image","twitter_misc":{"\u00c9crit par":"Juliette Guillerm","Dur\u00e9e de lecture estim\u00e9e":"8 minutes"},"schema":{"@context":"https:\/\/schema.org","@graph":[{"@type":"Article","@id":"https:\/\/graindesail.com\/fr\/grain-de-sail-boucle-une-augmentation-de-capital-avec-un-collectif-dinvestisseurs-bretons-et-francais\/#article","isPartOf":{"@id":"https:\/\/graindesail.com\/fr\/grain-de-sail-boucle-une-augmentation-de-capital-avec-un-collectif-dinvestisseurs-bretons-et-francais\/"},"author":{"name":"Juliette Guillerm","@id":"https:\/\/graindesail.com\/fr\/#\/schema\/person\/81ad74077c56a093645620521b41f586"},"headline":"Grain de Sail boucle une augmentation de capital avec un collectif d\u2019investisseurs bretons et fran\u00e7ais","datePublished":"2025-11-12T08:30:23+00:00","dateModified":"2026-01-22T13:29:55+00:00","mainEntityOfPage":{"@id":"https:\/\/graindesail.com\/fr\/grain-de-sail-boucle-une-augmentation-de-capital-avec-un-collectif-dinvestisseurs-bretons-et-francais\/"},"wordCount":1523,"commentCount":0,"publisher":{"@id":"https:\/\/graindesail.com\/fr\/#organization"},"image":{"@id":"https:\/\/graindesail.com\/fr\/grain-de-sail-boucle-une-augmentation-de-capital-avec-un-collectif-dinvestisseurs-bretons-et-francais\/#primaryimage"},"thumbnailUrl":"https:\/\/graindesail.com\/wp-content\/uploads\/2025\/11\/20251028-signature-levee-de-fonds-gds-BD.jpg","articleSection":["Actualit\u00e9s globales"],"inLanguage":"fr-FR","potentialAction":[{"@type":"CommentAction","name":"Comment","target":["https:\/\/graindesail.com\/fr\/grain-de-sail-boucle-une-augmentation-de-capital-avec-un-collectif-dinvestisseurs-bretons-et-francais\/#respond"]}]},{"@type":"WebPage","@id":"https:\/\/graindesail.com\/fr\/grain-de-sail-boucle-une-augmentation-de-capital-avec-un-collectif-dinvestisseurs-bretons-et-francais\/","url":"https:\/\/graindesail.com\/fr\/grain-de-sail-boucle-une-augmentation-de-capital-avec-un-collectif-dinvestisseurs-bretons-et-francais\/","name":"Grain de Sail renforce son capital","isPartOf":{"@id":"https:\/\/graindesail.com\/fr\/#website"},"primaryImageOfPage":{"@id":"https:\/\/graindesail.com\/fr\/grain-de-sail-boucle-une-augmentation-de-capital-avec-un-collectif-dinvestisseurs-bretons-et-francais\/#primaryimage"},"image":{"@id":"https:\/\/graindesail.com\/fr\/grain-de-sail-boucle-une-augmentation-de-capital-avec-un-collectif-dinvestisseurs-bretons-et-francais\/#primaryimage"},"thumbnailUrl":"https:\/\/graindesail.com\/wp-content\/uploads\/2025\/11\/20251028-signature-levee-de-fonds-gds-BD.jpg","datePublished":"2025-11-12T08:30:23+00:00","dateModified":"2026-01-22T13:29:55+00:00","description":"Une nouvelle \u00e9tape pour Grain de Sail : l\u2019entreprise accueille de nouveaux partenaires financiers pour accompagner sa croissance durable.","breadcrumb":{"@id":"https:\/\/graindesail.com\/fr\/grain-de-sail-boucle-une-augmentation-de-capital-avec-un-collectif-dinvestisseurs-bretons-et-francais\/#breadcrumb"},"inLanguage":"fr-FR","potentialAction":[{"@type":"ReadAction","target":["https:\/\/graindesail.com\/fr\/grain-de-sail-boucle-une-augmentation-de-capital-avec-un-collectif-dinvestisseurs-bretons-et-francais\/"]}]},{"@type":"ImageObject","inLanguage":"fr-FR","@id":"https:\/\/graindesail.com\/fr\/grain-de-sail-boucle-une-augmentation-de-capital-avec-un-collectif-dinvestisseurs-bretons-et-francais\/#primaryimage","url":"https:\/\/graindesail.com\/wp-content\/uploads\/2025\/11\/20251028-signature-levee-de-fonds-gds-BD.jpg","contentUrl":"https:\/\/graindesail.com\/wp-content\/uploads\/2025\/11\/20251028-signature-levee-de-fonds-gds-BD.jpg","width":2048,"height":1536,"caption":"Signature lev\u00e9e de fonds - Photo de groupe"},{"@type":"BreadcrumbList","@id":"https:\/\/graindesail.com\/fr\/grain-de-sail-boucle-une-augmentation-de-capital-avec-un-collectif-dinvestisseurs-bretons-et-francais\/#breadcrumb","itemListElement":[{"@type":"ListItem","position":1,"name":"Home","item":"https:\/\/graindesail.com\/fr\/"},{"@type":"ListItem","position":2,"name":"Grain de Sail boucle une augmentation de capital avec un collectif d\u2019investisseurs bretons et fran\u00e7ais"}]},{"@type":"WebSite","@id":"https:\/\/graindesail.com\/fr\/#website","url":"https:\/\/graindesail.com\/fr\/","name":"GDS","description":"","publisher":{"@id":"https:\/\/graindesail.com\/fr\/#organization"},"potentialAction":[{"@type":"SearchAction","target":{"@type":"EntryPoint","urlTemplate":"https:\/\/graindesail.com\/fr\/?s={search_term_string}"},"query-input":{"@type":"PropertyValueSpecification","valueRequired":true,"valueName":"search_term_string"}}],"inLanguage":"fr-FR"},{"@type":"Organization","@id":"https:\/\/graindesail.com\/fr\/#organization","name":"GDS","url":"https:\/\/graindesail.com\/fr\/","logo":{"@type":"ImageObject","inLanguage":"fr-FR","@id":"https:\/\/graindesail.com\/fr\/#\/schema\/logo\/image\/","url":"https:\/\/graindesail.com\/wp-content\/uploads\/2024\/12\/logo.svg","contentUrl":"https:\/\/graindesail.com\/wp-content\/uploads\/2024\/12\/logo.svg","width":82,"height":130,"caption":"GDS"},"image":{"@id":"https:\/\/graindesail.com\/fr\/#\/schema\/logo\/image\/"}},{"@type":"Person","@id":"https:\/\/graindesail.com\/fr\/#\/schema\/person\/81ad74077c56a093645620521b41f586","name":"Juliette Guillerm","image":{"@type":"ImageObject","inLanguage":"fr-FR","@id":"https:\/\/graindesail.com\/fr\/#\/schema\/person\/image\/","url":"https:\/\/secure.gravatar.com\/avatar\/b0eaa8db4f693694a59fd93086e5b89dde662f34dda77accfa769695671d3e1b?s=96&d=mm&r=g","contentUrl":"https:\/\/secure.gravatar.com\/avatar\/b0eaa8db4f693694a59fd93086e5b89dde662f34dda77accfa769695671d3e1b?s=96&d=mm&r=g","caption":"Juliette Guillerm"},"url":"https:\/\/graindesail.com\/fr\/author\/juliette-guillerm\/"}]}},"_links":{"self":[{"href":"https:\/\/graindesail.com\/fr\/wp-json\/wp\/v2\/posts\/18723","targetHints":{"allow":["GET"]}}],"collection":[{"href":"https:\/\/graindesail.com\/fr\/wp-json\/wp\/v2\/posts"}],"about":[{"href":"https:\/\/graindesail.com\/fr\/wp-json\/wp\/v2\/types\/post"}],"author":[{"embeddable":true,"href":"https:\/\/graindesail.com\/fr\/wp-json\/wp\/v2\/users\/25523"}],"replies":[{"embeddable":true,"href":"https:\/\/graindesail.com\/fr\/wp-json\/wp\/v2\/comments?post=18723"}],"version-history":[{"count":0,"href":"https:\/\/graindesail.com\/fr\/wp-json\/wp\/v2\/posts\/18723\/revisions"}],"wp:featuredmedia":[{"embeddable":true,"href":"https:\/\/graindesail.com\/fr\/wp-json\/wp\/v2\/media\/18725"}],"wp:attachment":[{"href":"https:\/\/graindesail.com\/fr\/wp-json\/wp\/v2\/media?parent=18723"}],"wp:term":[{"taxonomy":"category","embeddable":true,"href":"https:\/\/graindesail.com\/fr\/wp-json\/wp\/v2\/categories?post=18723"},{"taxonomy":"post_tag","embeddable":true,"href":"https:\/\/graindesail.com\/fr\/wp-json\/wp\/v2\/tags?post=18723"}],"curies":[{"name":"wp","href":"https:\/\/api.w.org\/{rel}","templated":true}]}}