{"id":18891,"date":"2025-09-01T13:25:09","date_gmt":"2025-09-01T13:25:09","guid":{"rendered":"https:\/\/graindesail.com\/embarquez-avec-mousqueton-et-grain-de-sail\/"},"modified":"2025-11-12T13:34:42","modified_gmt":"2025-11-12T13:34:42","slug":"embarquez-avec-mousqueton-et-grain-de-sail","status":"publish","type":"post","link":"https:\/\/graindesail.com\/en\/embarquez-avec-mousqueton-et-grain-de-sail\/","title":{"rendered":"Embarquez avec Mousqueton et Grain de Sail !"},"content":{"rendered":"\t\t<div data-elementor-type=\"wp-post\" data-elementor-id=\"18891\" class=\"elementor elementor-18891 elementor-18873\" data-elementor-post-type=\"post\">\n\t\t\t\t\t\t<section class=\"elementor-section elementor-top-section elementor-element elementor-element-4615ae8 elementor-section-boxed elementor-section-height-default elementor-section-height-default\" data-id=\"4615ae8\" data-element_type=\"section\" data-e-type=\"section\">\n\t\t\t\t\t\t<div class=\"elementor-container elementor-column-gap-default\">\n\t\t\t\t\t<div class=\"elementor-column elementor-col-100 elementor-top-column elementor-element elementor-element-51dbb8e\" data-id=\"51dbb8e\" data-element_type=\"column\" data-e-type=\"column\">\n\t\t\t<div class=\"elementor-widget-wrap elementor-element-populated\">\n\t\t\t\t\t\t<div class=\"elementor-element elementor-element-7adce45 elementor-widget__width-initial elementor-widget elementor-widget-image\" data-id=\"7adce45\" data-element_type=\"widget\" data-e-type=\"widget\" data-widget_type=\"image.default\">\n\t\t\t\t<div class=\"elementor-widget-container\">\n\t\t\t\t\t\t\t\t\t\t\t\t\t\t\t<img fetchpriority=\"high\" decoding=\"async\" width=\"800\" height=\"600\" src=\"https:\/\/graindesail.com\/wp-content\/uploads\/2025\/11\/GDSXMOUSQUETON-1024x768.jpg\" class=\"attachment-large size-large wp-image-18884\" alt=\"Grain de Sail collabore avec Mousqueton - Photo de groupe\" srcset=\"https:\/\/graindesail.com\/wp-content\/uploads\/2025\/11\/GDSXMOUSQUETON-1024x768.jpg 1024w, https:\/\/graindesail.com\/wp-content\/uploads\/2025\/11\/GDSXMOUSQUETON-300x225.jpg 300w, https:\/\/graindesail.com\/wp-content\/uploads\/2025\/11\/GDSXMOUSQUETON-768x576.jpg 768w, https:\/\/graindesail.com\/wp-content\/uploads\/2025\/11\/GDSXMOUSQUETON-1536x1152.jpg 1536w, https:\/\/graindesail.com\/wp-content\/uploads\/2025\/11\/GDSXMOUSQUETON-600x450.jpg 600w, https:\/\/graindesail.com\/wp-content\/uploads\/2025\/11\/GDSXMOUSQUETON.jpg 2048w\" sizes=\"(max-width: 800px) 100vw, 800px\" \/>\t\t\t\t\t\t\t\t\t\t\t\t\t\t\t<\/div>\n\t\t\t\t<\/div>\n\t\t\t\t\t<\/div>\n\t\t<\/div>\n\t\t\t\t\t<\/div>\n\t\t<\/section>\n\t\t\t\t<section class=\"elementor-section elementor-top-section elementor-element elementor-element-56f43f0b elementor-section-boxed elementor-section-height-default elementor-section-height-default\" data-id=\"56f43f0b\" data-element_type=\"section\" data-e-type=\"section\">\n\t\t\t\t\t\t<div class=\"elementor-container elementor-column-gap-default\">\n\t\t\t\t\t<div class=\"elementor-column elementor-col-100 elementor-top-column elementor-element elementor-element-26e61b8e\" data-id=\"26e61b8e\" data-element_type=\"column\" data-e-type=\"column\">\n\t\t\t<div class=\"elementor-widget-wrap elementor-element-populated\">\n\t\t\t\t\t\t<div class=\"elementor-element elementor-element-751b7a6f elementor-widget elementor-widget-text-editor\" data-id=\"751b7a6f\" data-element_type=\"widget\" data-e-type=\"widget\" data-widget_type=\"text-editor.default\">\n\t\t\t\t<div class=\"elementor-widget-container\">\n\t\t\t\t\t\t\t\t\t\n<h3 class=\"wp-block-heading\">Des tenues marines pour les marins du Grain de Sail 2<\/h3>\n\n<p>Pour affronter le vent, les embruns et les longues travers\u00e9es de l\u2019Atlantique, notre \u00e9quipage du <strong>Grain de Sail 2<\/strong> devait \u00eatre bien \u00e9quip\u00e9.<br>Et quand deux marques bretonnes qui partagent le m\u00eame go\u00fbt du large et les m\u00eames valeurs se rencontrent, la collaboration devient \u00e9vidente.<\/p>\n\n<p>C\u2019est avec <a href=\"https:\/\/mousqueton.eu\/fr\/\"><strong>Mousqueton<\/strong><\/a>, marque textile embl\u00e9matique de l\u2019univers nautique, que nous avons choisi d\u2019unir nos forces pour \u00e9quiper en polaires et tee-shirt, l\u2019\u00e9quipage de notre voilier-cargo <strong>Grain de Sail 2<\/strong>.<\/p>\n\n<h3 class=\"wp-block-heading\">Une collaboration 100 % bretonne<\/h3>\n\n<p>Grain de Sail et Mousqueton partagent plus qu\u2019une origine : nous avons les m\u00eames valeurs.<br>L\u2019amour de la mer, le respect de l\u2019environnement et la volont\u00e9 de faire vivre un savoir-faire local.<br>Nos deux marques s\u2019appuient sur l\u2019humain, la passion et la Bretagne comme boussole.<\/p>\n\n<h3 class=\"wp-block-heading\">Des v\u00eatements qui accompagnent nos marins dans leur aventure<\/h3>\n\n<p>Sur le pont, chaque d\u00e9tail compte. Les <g id=\"gid_0\">vareuses<\/g>, <g id=\"gid_1\">polaires<\/g>, <g id=\"gid_2\">marini\u00e8res<\/g> fournies par Mousqueton ont \u00e9t\u00e9 pens\u00e9es pour la vie en mer et \u00e0 terre ! Ces tenues repr\u00e9sentent <strong>l\u2019esprit d\u2019\u00e9quipage<\/strong> et la fiert\u00e9 de naviguer sous les couleurs de Grain de Sail.  <\/p>\n\t\t\t\t\t\t\t\t<\/div>\n\t\t\t\t<\/div>\n\t\t\t\t\t<\/div>\n\t\t<\/div>\n\t\t\t\t\t<\/div>\n\t\t<\/section>\n\t\t\t\t<section class=\"elementor-section elementor-top-section elementor-element elementor-element-23688a3 elementor-section-boxed elementor-section-height-default elementor-section-height-default\" data-id=\"23688a3\" data-element_type=\"section\" data-e-type=\"section\">\n\t\t\t\t\t\t<div class=\"elementor-container elementor-column-gap-default\">\n\t\t\t\t\t<div class=\"elementor-column elementor-col-33 elementor-top-column elementor-element elementor-element-67b62d0\" data-id=\"67b62d0\" data-element_type=\"column\" data-e-type=\"column\">\n\t\t\t<div class=\"elementor-widget-wrap elementor-element-populated\">\n\t\t\t\t\t\t<div class=\"elementor-element elementor-element-b6a6646 elementor-widget elementor-widget-image\" data-id=\"b6a6646\" data-element_type=\"widget\" data-e-type=\"widget\" data-widget_type=\"image.default\">\n\t\t\t\t<div class=\"elementor-widget-container\">\n\t\t\t\t\t\t\t\t\t\t\t\t\t\t\t<img decoding=\"async\" width=\"768\" height=\"1024\" data-src=\"https:\/\/graindesail.com\/wp-content\/uploads\/2025\/11\/IMG_6743-2-768x1024.jpg\" class=\"attachment-large size-large wp-image-18876 lazyload\" alt=\"GDS - Mousqueton - Regard dans les jumelles\" data-srcset=\"https:\/\/graindesail.com\/wp-content\/uploads\/2025\/11\/IMG_6743-2-768x1024.jpg 768w, https:\/\/graindesail.com\/wp-content\/uploads\/2025\/11\/IMG_6743-2-225x300.jpg 225w, https:\/\/graindesail.com\/wp-content\/uploads\/2025\/11\/IMG_6743-2-1152x1536.jpg 1152w, https:\/\/graindesail.com\/wp-content\/uploads\/2025\/11\/IMG_6743-2-600x800.jpg 600w, https:\/\/graindesail.com\/wp-content\/uploads\/2025\/11\/IMG_6743-2.jpg 1536w\" data-sizes=\"(max-width: 768px) 100vw, 768px\" src=\"data:image\/svg+xml;base64,PHN2ZyB3aWR0aD0iMSIgaGVpZ2h0PSIxIiB4bWxucz0iaHR0cDovL3d3dy53My5vcmcvMjAwMC9zdmciPjwvc3ZnPg==\" style=\"--smush-placeholder-width: 768px; --smush-placeholder-aspect-ratio: 768\/1024;\" \/>\t\t\t\t\t\t\t\t\t\t\t\t\t\t\t<\/div>\n\t\t\t\t<\/div>\n\t\t\t\t\t<\/div>\n\t\t<\/div>\n\t\t\t\t<div class=\"elementor-column elementor-col-33 elementor-top-column elementor-element elementor-element-90e69e9\" data-id=\"90e69e9\" data-element_type=\"column\" data-e-type=\"column\">\n\t\t\t<div class=\"elementor-widget-wrap elementor-element-populated\">\n\t\t\t\t\t\t<div class=\"elementor-element elementor-element-b2b2501 elementor-widget elementor-widget-image\" data-id=\"b2b2501\" data-element_type=\"widget\" data-e-type=\"widget\" data-widget_type=\"image.default\">\n\t\t\t\t<div class=\"elementor-widget-container\">\n\t\t\t\t\t\t\t\t\t\t\t\t\t\t\t<img decoding=\"async\" width=\"768\" height=\"1024\" data-src=\"https:\/\/graindesail.com\/wp-content\/uploads\/2025\/11\/P1268407-2-768x1024.jpg\" class=\"attachment-large size-large wp-image-18880 lazyload\" alt=\"GDS - Mousqueton - Juliette Guillerm et Stefan Gallard\" data-srcset=\"https:\/\/graindesail.com\/wp-content\/uploads\/2025\/11\/P1268407-2-768x1024.jpg 768w, https:\/\/graindesail.com\/wp-content\/uploads\/2025\/11\/P1268407-2-225x300.jpg 225w, https:\/\/graindesail.com\/wp-content\/uploads\/2025\/11\/P1268407-2-1152x1536.jpg 1152w, https:\/\/graindesail.com\/wp-content\/uploads\/2025\/11\/P1268407-2-600x800.jpg 600w, https:\/\/graindesail.com\/wp-content\/uploads\/2025\/11\/P1268407-2.jpg 1536w\" data-sizes=\"(max-width: 768px) 100vw, 768px\" src=\"data:image\/svg+xml;base64,PHN2ZyB3aWR0aD0iMSIgaGVpZ2h0PSIxIiB4bWxucz0iaHR0cDovL3d3dy53My5vcmcvMjAwMC9zdmciPjwvc3ZnPg==\" style=\"--smush-placeholder-width: 768px; --smush-placeholder-aspect-ratio: 768\/1024;\" \/>\t\t\t\t\t\t\t\t\t\t\t\t\t\t\t<\/div>\n\t\t\t\t<\/div>\n\t\t\t\t\t<\/div>\n\t\t<\/div>\n\t\t\t\t<div class=\"elementor-column elementor-col-33 elementor-top-column elementor-element elementor-element-b0a8417\" data-id=\"b0a8417\" data-element_type=\"column\" data-e-type=\"column\">\n\t\t\t<div class=\"elementor-widget-wrap elementor-element-populated\">\n\t\t\t\t\t\t<div class=\"elementor-element elementor-element-ab5f0cd elementor-widget elementor-widget-image\" data-id=\"ab5f0cd\" data-element_type=\"widget\" data-e-type=\"widget\" data-widget_type=\"image.default\">\n\t\t\t\t<div class=\"elementor-widget-container\">\n\t\t\t\t\t\t\t\t\t\t\t\t\t\t\t<img decoding=\"async\" width=\"768\" height=\"1024\" data-src=\"https:\/\/graindesail.com\/wp-content\/uploads\/2025\/11\/P1268458-2-768x1024.jpg\" class=\"attachment-large size-large wp-image-18882 lazyload\" alt=\"GDS - Mousqueton - Marin sur le bateau\" data-srcset=\"https:\/\/graindesail.com\/wp-content\/uploads\/2025\/11\/P1268458-2-768x1024.jpg 768w, https:\/\/graindesail.com\/wp-content\/uploads\/2025\/11\/P1268458-2-225x300.jpg 225w, https:\/\/graindesail.com\/wp-content\/uploads\/2025\/11\/P1268458-2-1152x1536.jpg 1152w, https:\/\/graindesail.com\/wp-content\/uploads\/2025\/11\/P1268458-2-600x800.jpg 600w, https:\/\/graindesail.com\/wp-content\/uploads\/2025\/11\/P1268458-2.jpg 1536w\" data-sizes=\"(max-width: 768px) 100vw, 768px\" src=\"data:image\/svg+xml;base64,PHN2ZyB3aWR0aD0iMSIgaGVpZ2h0PSIxIiB4bWxucz0iaHR0cDovL3d3dy53My5vcmcvMjAwMC9zdmciPjwvc3ZnPg==\" style=\"--smush-placeholder-width: 768px; --smush-placeholder-aspect-ratio: 768\/1024;\" \/>\t\t\t\t\t\t\t\t\t\t\t\t\t\t\t<\/div>\n\t\t\t\t<\/div>\n\t\t\t\t\t<\/div>\n\t\t<\/div>\n\t\t\t\t\t<\/div>\n\t\t<\/section>\n\t\t\t\t<\/div>\n\t\t","protected":false},"excerpt":{"rendered":"<p>Des tenues marines pour les marins du Grain de Sail 2 Pour affronter le vent, les embruns et les longues travers\u00e9es de l\u2019Atlantique, notre \u00e9quipage du Grain de Sail 2 devait \u00eatre bien \u00e9quip\u00e9.Et quand deux marques bretonnes qui partagent le m\u00eame go\u00fbt du large et les m\u00eames valeurs se rencontrent, la collaboration devient \u00e9vidente. [&hellip;]<\/p>\n","protected":false},"author":25523,"featured_media":18876,"comment_status":"closed","ping_status":"open","sticky":false,"template":"","format":"standard","meta":{"_acf_changed":false,"footnotes":""},"categories":[265,243],"tags":[],"class_list":["post-18891","post","type-post","status-publish","format-standard","has-post-thumbnail","hentry","category-about-grain-de-sail","category-actualites-globales"],"acf":[],"yoast_head":"<!-- This site is optimized with the Yoast SEO plugin v25.5 - https:\/\/yoast.com\/wordpress\/plugins\/seo\/ -->\n<title>Embarquez avec Mousqueton et Grain de Sail ! - GDS<\/title>\n<meta name=\"robots\" content=\"index, follow, max-snippet:-1, max-image-preview:large, max-video-preview:-1\" \/>\n<link rel=\"canonical\" href=\"https:\/\/graindesail.com\/en\/embarquez-avec-mousqueton-et-grain-de-sail\/\" \/>\n<meta property=\"og:locale\" content=\"en_US\" \/>\n<meta property=\"og:type\" content=\"article\" \/>\n<meta property=\"og:title\" content=\"Embarquez avec Mousqueton et Grain de Sail ! - GDS\" \/>\n<meta property=\"og:description\" content=\"Des tenues marines pour les marins du Grain de Sail 2 Pour affronter le vent, les embruns et les longues travers\u00e9es de l\u2019Atlantique, notre \u00e9quipage du Grain de Sail 2 devait \u00eatre bien \u00e9quip\u00e9.Et quand deux marques bretonnes qui partagent le m\u00eame go\u00fbt du large et les m\u00eames valeurs se rencontrent, la collaboration devient \u00e9vidente. [&hellip;]\" \/>\n<meta property=\"og:url\" content=\"https:\/\/graindesail.com\/en\/embarquez-avec-mousqueton-et-grain-de-sail\/\" \/>\n<meta property=\"og:site_name\" content=\"GDS\" \/>\n<meta property=\"article:published_time\" content=\"2025-09-01T13:25:09+00:00\" \/>\n<meta property=\"article:modified_time\" content=\"2025-11-12T13:34:42+00:00\" \/>\n<meta property=\"og:image\" content=\"https:\/\/graindesail.com\/wp-content\/uploads\/2025\/11\/IMG_6743-2.jpg\" \/>\n\t<meta property=\"og:image:width\" content=\"1536\" \/>\n\t<meta property=\"og:image:height\" content=\"2048\" \/>\n\t<meta property=\"og:image:type\" content=\"image\/jpeg\" \/>\n<meta name=\"author\" content=\"Juliette Guillerm\" \/>\n<meta name=\"twitter:card\" content=\"summary_large_image\" \/>\n<meta name=\"twitter:label1\" content=\"Written by\" \/>\n\t<meta name=\"twitter:data1\" content=\"Juliette Guillerm\" \/>\n\t<meta name=\"twitter:label2\" content=\"Est. reading time\" \/>\n\t<meta name=\"twitter:data2\" content=\"1 minute\" \/>\n<script type=\"application\/ld+json\" class=\"yoast-schema-graph\">{\"@context\":\"https:\/\/schema.org\",\"@graph\":[{\"@type\":\"Article\",\"@id\":\"https:\/\/graindesail.com\/en\/embarquez-avec-mousqueton-et-grain-de-sail\/#article\",\"isPartOf\":{\"@id\":\"https:\/\/graindesail.com\/en\/embarquez-avec-mousqueton-et-grain-de-sail\/\"},\"author\":{\"name\":\"Juliette Guillerm\",\"@id\":\"https:\/\/graindesail.com\/en\/#\/schema\/person\/81ad74077c56a093645620521b41f586\"},\"headline\":\"Embarquez avec Mousqueton et Grain de Sail !\",\"datePublished\":\"2025-09-01T13:25:09+00:00\",\"dateModified\":\"2025-11-12T13:34:42+00:00\",\"mainEntityOfPage\":{\"@id\":\"https:\/\/graindesail.com\/en\/embarquez-avec-mousqueton-et-grain-de-sail\/\"},\"wordCount\":209,\"publisher\":{\"@id\":\"https:\/\/graindesail.com\/en\/#organization\"},\"image\":{\"@id\":\"https:\/\/graindesail.com\/en\/embarquez-avec-mousqueton-et-grain-de-sail\/#primaryimage\"},\"thumbnailUrl\":\"https:\/\/graindesail.com\/wp-content\/uploads\/2025\/11\/IMG_6743-2.jpg\",\"articleSection\":[\"About Grain de Sail\",\"Actualit\u00e9s globales\"],\"inLanguage\":\"en-US\"},{\"@type\":\"WebPage\",\"@id\":\"https:\/\/graindesail.com\/en\/embarquez-avec-mousqueton-et-grain-de-sail\/\",\"url\":\"https:\/\/graindesail.com\/en\/embarquez-avec-mousqueton-et-grain-de-sail\/\",\"name\":\"Embarquez avec Mousqueton et Grain de Sail ! - GDS\",\"isPartOf\":{\"@id\":\"https:\/\/graindesail.com\/en\/#website\"},\"primaryImageOfPage\":{\"@id\":\"https:\/\/graindesail.com\/en\/embarquez-avec-mousqueton-et-grain-de-sail\/#primaryimage\"},\"image\":{\"@id\":\"https:\/\/graindesail.com\/en\/embarquez-avec-mousqueton-et-grain-de-sail\/#primaryimage\"},\"thumbnailUrl\":\"https:\/\/graindesail.com\/wp-content\/uploads\/2025\/11\/IMG_6743-2.jpg\",\"datePublished\":\"2025-09-01T13:25:09+00:00\",\"dateModified\":\"2025-11-12T13:34:42+00:00\",\"breadcrumb\":{\"@id\":\"https:\/\/graindesail.com\/en\/embarquez-avec-mousqueton-et-grain-de-sail\/#breadcrumb\"},\"inLanguage\":\"en-US\",\"potentialAction\":[{\"@type\":\"ReadAction\",\"target\":[\"https:\/\/graindesail.com\/en\/embarquez-avec-mousqueton-et-grain-de-sail\/\"]}]},{\"@type\":\"ImageObject\",\"inLanguage\":\"en-US\",\"@id\":\"https:\/\/graindesail.com\/en\/embarquez-avec-mousqueton-et-grain-de-sail\/#primaryimage\",\"url\":\"https:\/\/graindesail.com\/wp-content\/uploads\/2025\/11\/IMG_6743-2.jpg\",\"contentUrl\":\"https:\/\/graindesail.com\/wp-content\/uploads\/2025\/11\/IMG_6743-2.jpg\",\"width\":1536,\"height\":2048,\"caption\":\"GDS - Mousqueton - Regard dans les jumelles\"},{\"@type\":\"BreadcrumbList\",\"@id\":\"https:\/\/graindesail.com\/en\/embarquez-avec-mousqueton-et-grain-de-sail\/#breadcrumb\",\"itemListElement\":[{\"@type\":\"ListItem\",\"position\":1,\"name\":\"Home\",\"item\":\"https:\/\/graindesail.com\/en\/\"},{\"@type\":\"ListItem\",\"position\":2,\"name\":\"Embarquez avec Mousqueton et Grain de Sail !\"}]},{\"@type\":\"WebSite\",\"@id\":\"https:\/\/graindesail.com\/en\/#website\",\"url\":\"https:\/\/graindesail.com\/en\/\",\"name\":\"GDS\",\"description\":\"\",\"publisher\":{\"@id\":\"https:\/\/graindesail.com\/en\/#organization\"},\"potentialAction\":[{\"@type\":\"SearchAction\",\"target\":{\"@type\":\"EntryPoint\",\"urlTemplate\":\"https:\/\/graindesail.com\/en\/?s={search_term_string}\"},\"query-input\":{\"@type\":\"PropertyValueSpecification\",\"valueRequired\":true,\"valueName\":\"search_term_string\"}}],\"inLanguage\":\"en-US\"},{\"@type\":\"Organization\",\"@id\":\"https:\/\/graindesail.com\/en\/#organization\",\"name\":\"GDS\",\"url\":\"https:\/\/graindesail.com\/en\/\",\"logo\":{\"@type\":\"ImageObject\",\"inLanguage\":\"en-US\",\"@id\":\"https:\/\/graindesail.com\/en\/#\/schema\/logo\/image\/\",\"url\":\"https:\/\/graindesail.com\/wp-content\/uploads\/2024\/12\/logo.svg\",\"contentUrl\":\"https:\/\/graindesail.com\/wp-content\/uploads\/2024\/12\/logo.svg\",\"width\":82,\"height\":130,\"caption\":\"GDS\"},\"image\":{\"@id\":\"https:\/\/graindesail.com\/en\/#\/schema\/logo\/image\/\"}},{\"@type\":\"Person\",\"@id\":\"https:\/\/graindesail.com\/en\/#\/schema\/person\/81ad74077c56a093645620521b41f586\",\"name\":\"Juliette Guillerm\",\"image\":{\"@type\":\"ImageObject\",\"inLanguage\":\"en-US\",\"@id\":\"https:\/\/graindesail.com\/en\/#\/schema\/person\/image\/\",\"url\":\"https:\/\/secure.gravatar.com\/avatar\/b0eaa8db4f693694a59fd93086e5b89dde662f34dda77accfa769695671d3e1b?s=96&d=mm&r=g\",\"contentUrl\":\"https:\/\/secure.gravatar.com\/avatar\/b0eaa8db4f693694a59fd93086e5b89dde662f34dda77accfa769695671d3e1b?s=96&d=mm&r=g\",\"caption\":\"Juliette Guillerm\"},\"url\":\"https:\/\/graindesail.com\/en\/author\/juliette-guillerm\/\"}]}<\/script>\n<!-- \/ Yoast SEO plugin. -->","yoast_head_json":{"title":"Embarquez avec Mousqueton et Grain de Sail ! - GDS","robots":{"index":"index","follow":"follow","max-snippet":"max-snippet:-1","max-image-preview":"max-image-preview:large","max-video-preview":"max-video-preview:-1"},"canonical":"https:\/\/graindesail.com\/en\/embarquez-avec-mousqueton-et-grain-de-sail\/","og_locale":"en_US","og_type":"article","og_title":"Embarquez avec Mousqueton et Grain de Sail ! - GDS","og_description":"Des tenues marines pour les marins du Grain de Sail 2 Pour affronter le vent, les embruns et les longues travers\u00e9es de l\u2019Atlantique, notre \u00e9quipage du Grain de Sail 2 devait \u00eatre bien \u00e9quip\u00e9.Et quand deux marques bretonnes qui partagent le m\u00eame go\u00fbt du large et les m\u00eames valeurs se rencontrent, la collaboration devient \u00e9vidente. [&hellip;]","og_url":"https:\/\/graindesail.com\/en\/embarquez-avec-mousqueton-et-grain-de-sail\/","og_site_name":"GDS","article_published_time":"2025-09-01T13:25:09+00:00","article_modified_time":"2025-11-12T13:34:42+00:00","og_image":[{"width":1536,"height":2048,"url":"https:\/\/graindesail.com\/wp-content\/uploads\/2025\/11\/IMG_6743-2.jpg","type":"image\/jpeg"}],"author":"Juliette Guillerm","twitter_card":"summary_large_image","twitter_misc":{"Written by":"Juliette Guillerm","Est. reading time":"1 minute"},"schema":{"@context":"https:\/\/schema.org","@graph":[{"@type":"Article","@id":"https:\/\/graindesail.com\/en\/embarquez-avec-mousqueton-et-grain-de-sail\/#article","isPartOf":{"@id":"https:\/\/graindesail.com\/en\/embarquez-avec-mousqueton-et-grain-de-sail\/"},"author":{"name":"Juliette Guillerm","@id":"https:\/\/graindesail.com\/en\/#\/schema\/person\/81ad74077c56a093645620521b41f586"},"headline":"Embarquez avec Mousqueton et Grain de Sail !","datePublished":"2025-09-01T13:25:09+00:00","dateModified":"2025-11-12T13:34:42+00:00","mainEntityOfPage":{"@id":"https:\/\/graindesail.com\/en\/embarquez-avec-mousqueton-et-grain-de-sail\/"},"wordCount":209,"publisher":{"@id":"https:\/\/graindesail.com\/en\/#organization"},"image":{"@id":"https:\/\/graindesail.com\/en\/embarquez-avec-mousqueton-et-grain-de-sail\/#primaryimage"},"thumbnailUrl":"https:\/\/graindesail.com\/wp-content\/uploads\/2025\/11\/IMG_6743-2.jpg","articleSection":["About Grain de Sail","Actualit\u00e9s globales"],"inLanguage":"en-US"},{"@type":"WebPage","@id":"https:\/\/graindesail.com\/en\/embarquez-avec-mousqueton-et-grain-de-sail\/","url":"https:\/\/graindesail.com\/en\/embarquez-avec-mousqueton-et-grain-de-sail\/","name":"Embarquez avec Mousqueton et Grain de Sail ! - GDS","isPartOf":{"@id":"https:\/\/graindesail.com\/en\/#website"},"primaryImageOfPage":{"@id":"https:\/\/graindesail.com\/en\/embarquez-avec-mousqueton-et-grain-de-sail\/#primaryimage"},"image":{"@id":"https:\/\/graindesail.com\/en\/embarquez-avec-mousqueton-et-grain-de-sail\/#primaryimage"},"thumbnailUrl":"https:\/\/graindesail.com\/wp-content\/uploads\/2025\/11\/IMG_6743-2.jpg","datePublished":"2025-09-01T13:25:09+00:00","dateModified":"2025-11-12T13:34:42+00:00","breadcrumb":{"@id":"https:\/\/graindesail.com\/en\/embarquez-avec-mousqueton-et-grain-de-sail\/#breadcrumb"},"inLanguage":"en-US","potentialAction":[{"@type":"ReadAction","target":["https:\/\/graindesail.com\/en\/embarquez-avec-mousqueton-et-grain-de-sail\/"]}]},{"@type":"ImageObject","inLanguage":"en-US","@id":"https:\/\/graindesail.com\/en\/embarquez-avec-mousqueton-et-grain-de-sail\/#primaryimage","url":"https:\/\/graindesail.com\/wp-content\/uploads\/2025\/11\/IMG_6743-2.jpg","contentUrl":"https:\/\/graindesail.com\/wp-content\/uploads\/2025\/11\/IMG_6743-2.jpg","width":1536,"height":2048,"caption":"GDS - Mousqueton - Regard dans les jumelles"},{"@type":"BreadcrumbList","@id":"https:\/\/graindesail.com\/en\/embarquez-avec-mousqueton-et-grain-de-sail\/#breadcrumb","itemListElement":[{"@type":"ListItem","position":1,"name":"Home","item":"https:\/\/graindesail.com\/en\/"},{"@type":"ListItem","position":2,"name":"Embarquez avec Mousqueton et Grain de Sail !"}]},{"@type":"WebSite","@id":"https:\/\/graindesail.com\/en\/#website","url":"https:\/\/graindesail.com\/en\/","name":"GDS","description":"","publisher":{"@id":"https:\/\/graindesail.com\/en\/#organization"},"potentialAction":[{"@type":"SearchAction","target":{"@type":"EntryPoint","urlTemplate":"https:\/\/graindesail.com\/en\/?s={search_term_string}"},"query-input":{"@type":"PropertyValueSpecification","valueRequired":true,"valueName":"search_term_string"}}],"inLanguage":"en-US"},{"@type":"Organization","@id":"https:\/\/graindesail.com\/en\/#organization","name":"GDS","url":"https:\/\/graindesail.com\/en\/","logo":{"@type":"ImageObject","inLanguage":"en-US","@id":"https:\/\/graindesail.com\/en\/#\/schema\/logo\/image\/","url":"https:\/\/graindesail.com\/wp-content\/uploads\/2024\/12\/logo.svg","contentUrl":"https:\/\/graindesail.com\/wp-content\/uploads\/2024\/12\/logo.svg","width":82,"height":130,"caption":"GDS"},"image":{"@id":"https:\/\/graindesail.com\/en\/#\/schema\/logo\/image\/"}},{"@type":"Person","@id":"https:\/\/graindesail.com\/en\/#\/schema\/person\/81ad74077c56a093645620521b41f586","name":"Juliette Guillerm","image":{"@type":"ImageObject","inLanguage":"en-US","@id":"https:\/\/graindesail.com\/en\/#\/schema\/person\/image\/","url":"https:\/\/secure.gravatar.com\/avatar\/b0eaa8db4f693694a59fd93086e5b89dde662f34dda77accfa769695671d3e1b?s=96&d=mm&r=g","contentUrl":"https:\/\/secure.gravatar.com\/avatar\/b0eaa8db4f693694a59fd93086e5b89dde662f34dda77accfa769695671d3e1b?s=96&d=mm&r=g","caption":"Juliette Guillerm"},"url":"https:\/\/graindesail.com\/en\/author\/juliette-guillerm\/"}]}},"_links":{"self":[{"href":"https:\/\/graindesail.com\/en\/wp-json\/wp\/v2\/posts\/18891","targetHints":{"allow":["GET"]}}],"collection":[{"href":"https:\/\/graindesail.com\/en\/wp-json\/wp\/v2\/posts"}],"about":[{"href":"https:\/\/graindesail.com\/en\/wp-json\/wp\/v2\/types\/post"}],"author":[{"embeddable":true,"href":"https:\/\/graindesail.com\/en\/wp-json\/wp\/v2\/users\/25523"}],"replies":[{"embeddable":true,"href":"https:\/\/graindesail.com\/en\/wp-json\/wp\/v2\/comments?post=18891"}],"version-history":[{"count":0,"href":"https:\/\/graindesail.com\/en\/wp-json\/wp\/v2\/posts\/18891\/revisions"}],"wp:featuredmedia":[{"embeddable":true,"href":"https:\/\/graindesail.com\/en\/wp-json\/wp\/v2\/media\/18876"}],"wp:attachment":[{"href":"https:\/\/graindesail.com\/en\/wp-json\/wp\/v2\/media?parent=18891"}],"wp:term":[{"taxonomy":"category","embeddable":true,"href":"https:\/\/graindesail.com\/en\/wp-json\/wp\/v2\/categories?post=18891"},{"taxonomy":"post_tag","embeddable":true,"href":"https:\/\/graindesail.com\/en\/wp-json\/wp\/v2\/tags?post=18891"}],"curies":[{"name":"wp","href":"https:\/\/api.w.org\/{rel}","templated":true}]}}